{"id":151282,"date":"2020-02-04T07:25:12","date_gmt":"2020-02-04T10:25:12","guid":{"rendered":"http:\/\/www.caririemacao.com\/1\/?p=151282"},"modified":"2020-02-04T07:25:13","modified_gmt":"2020-02-04T10:25:13","slug":"mpf-pede-vistas-para-dar-parecer-ao-recurso-do-habeas-corpus-de-ricardo-coutinho","status":"publish","type":"post","link":"https:\/\/www.caririemacao.com\/1\/2020\/02\/04\/mpf-pede-vistas-para-dar-parecer-ao-recurso-do-habeas-corpus-de-ricardo-coutinho\/","title":{"rendered":"MPF pede vistas para dar parecer ao recurso do habeas corpus de Ricardo Coutinho"},"content":{"rendered":"\n<p>O recurso contra o habeas corpus do ex-governador Ricardo Coutinho segue sendo analisado pela ministra Laurita Vaz, do Superior Tribunal de Justi\u00e7a. Nesta segunda-feira (03), o processo chegou ao Minist\u00e9rio P\u00fablico Federal (MPF) para que seja dado um parecer.<\/p>\n\n\n\n<p>O&nbsp;\u00f3rg\u00e3o ministerial dever\u00e1 se manifestar em breve sobre o recurso impetrado contra o habeas corpus concedido a Ricardo Coutinho ainda no m\u00eas de dezembro. A assessoria de imprensa do Minist\u00e9rio P\u00fablico Federal (MPF) informou ao ClickPB que ainda n\u00e3o foi designado um procurador respons\u00e1vel pelo parecer do processo.<br><\/p>\n\n\n\n<p>O&nbsp;ex-governador Ricardo Coutinho foi preso no m\u00eas de dezembro de 2019 no \u00e2mbito da Opera\u00e7\u00e3o Calv\u00e1rio. Menos de uma semana ap\u00f3s a pris\u00e3o, a sua defesa conseguiu um habeas corpus e a sua libera\u00e7\u00e3o da penitenci\u00e1ria onde estava, em Jo\u00e3o Pessoa.<\/p>\n\n\n\n<p>Como o STJ estava em recesso judicial, a mat\u00e9ria caiu nas m\u00e3os do plantonista,&nbsp;ministro Napole\u00e3o Nunes Maia Filho, que acabou concedendo o habeas corpus. Posteriormente, o Minist\u00e9rio P\u00fablico Federal impetrou um agravo regimental pedindo que o pedido de habeas corpus fosse revisto no sentido de que a pris\u00e3o de Ricardo Coutinho seja retomada.&nbsp;O MPF argumentou, no pedido de agravo regimental, que houve quebra na unidade da jurisdi\u00e7\u00e3o, em raz\u00e3o de que todos os habeas corpus relativos \u00e0 Opera\u00e7\u00e3o Calv\u00e1rio deveriam ter tido a mesma relatoria. Como o STJ estava em recesso quando os habeas corpus foram impetrados, as mat\u00e9rias foram distribu\u00eddas para outros ministros que n\u00e3o eram a relatora ministra Laurita Vaz.<\/p>\n\n\n\n<p>Portanto, em busca de uma unidade jurisdicional, a vice-presidente do STJ, ministra Maria Thereza de Assis Moura, determinou, \u201ct\u00e3o logo se inicie o ano judici\u00e1rio, o encaminhamento urgente deste recurso \u00e0 eminente relatora, a quem caber\u00e1 a sua an\u00e1lise e, inclusive, eventual reconsidera\u00e7\u00e3o da decis\u00e3o impugnada\u201d. Ela ainda considera que o recurso se trata de quest\u00e3o t\u00e9cnica de compet\u00eancia.<\/p>\n","protected":false},"excerpt":{"rendered":"<p>O recurso contra o habeas corpus do ex-governador Ricardo Coutinho segue sendo analisado pela ministra Laurita Vaz, do Superior Tribunal de Justi\u00e7a. Nesta segunda-feira (03),&hellip; <\/p>\n","protected":false},"author":1,"featured_media":151283,"comment_status":"closed","ping_status":"closed","sticky":false,"template":"","format":"standard","meta":{"sfsi_plus_gutenberg_text_before_share":"","sfsi_plus_gutenberg_show_text_before_share":"","sfsi_plus_gutenberg_icon_type":"","sfsi_plus_gutenberg_icon_alignemt":"","sfsi_plus_gutenburg_max_per_row":"","footnotes":""},"categories":[11],"tags":[],"class_list":["post-151282","post","type-post","status-publish","format-standard","has-post-thumbnail","hentry","category-politica"],"_links":{"self":[{"href":"https:\/\/www.caririemacao.com\/1\/wp-json\/wp\/v2\/posts\/151282","targetHints":{"allow":["GET"]}}],"collection":[{"href":"https:\/\/www.caririemacao.com\/1\/wp-json\/wp\/v2\/posts"}],"about":[{"href":"https:\/\/www.caririemacao.com\/1\/wp-json\/wp\/v2\/types\/post"}],"author":[{"embeddable":true,"href":"https:\/\/www.caririemacao.com\/1\/wp-json\/wp\/v2\/users\/1"}],"replies":[{"embeddable":true,"href":"https:\/\/www.caririemacao.com\/1\/wp-json\/wp\/v2\/comments?post=151282"}],"version-history":[{"count":1,"href":"https:\/\/www.caririemacao.com\/1\/wp-json\/wp\/v2\/posts\/151282\/revisions"}],"predecessor-version":[{"id":151284,"href":"https:\/\/www.caririemacao.com\/1\/wp-json\/wp\/v2\/posts\/151282\/revisions\/151284"}],"wp:featuredmedia":[{"embeddable":true,"href":"https:\/\/www.caririemacao.com\/1\/wp-json\/wp\/v2\/media\/151283"}],"wp:attachment":[{"href":"https:\/\/www.caririemacao.com\/1\/wp-json\/wp\/v2\/media?parent=151282"}],"wp:term":[{"taxonomy":"category","embeddable":true,"href":"https:\/\/www.caririemacao.com\/1\/wp-json\/wp\/v2\/categories?post=151282"},{"taxonomy":"post_tag","embeddable":true,"href":"https:\/\/www.caririemacao.com\/1\/wp-json\/wp\/v2\/tags?post=151282"}],"curies":[{"name":"wp","href":"https:\/\/api.w.org\/{rel}","templated":true}]}}