{"id":151289,"date":"2020-02-04T07:28:51","date_gmt":"2020-02-04T10:28:51","guid":{"rendered":"http:\/\/www.caririemacao.com\/1\/?p=151289"},"modified":"2020-02-04T07:28:54","modified_gmt":"2020-02-04T10:28:54","slug":"apos-governador-cidadania-filia-tres-prefeitos-dissidentes-do-psb","status":"publish","type":"post","link":"https:\/\/www.caririemacao.com\/1\/2020\/02\/04\/apos-governador-cidadania-filia-tres-prefeitos-dissidentes-do-psb\/","title":{"rendered":"Ap\u00f3s governador, Cidadania filia tr\u00eas prefeitos dissidentes do PSB"},"content":{"rendered":"\n<p><br>Leo Bezerra, Tib\u00e9rio Limeira, Zezinho Botafogo e Tanilson Soares conversam com o presidente do Cidadania para acertar a filia\u00e7\u00e3o deles no partido escolhido pelo governador Jo\u00e3o Azev\u00eado. Foi o que revelou o pr\u00f3prio dirigente da sigla, Ronaldo Guerra, em entrevista a Ecliton Monteiro, da Correio FM, nesta segunda-feira (3). Leo Bezerra evitou comentar o assunto no contato feito pelo portal ClickPB. Em rede social, Bruno Farias confirmou Zezinho e Leo no Cidadania, a partir de mar\u00e7o, durante a janela partid\u00e1ria.<\/p>\n\n\n\n<p>Ainda segundo Ronaldo Guerra, hoje se filiaram ao Cidadania os prefeitos F\u00e1bio Tyrone, de Sousa; Chico Mendes, de S\u00e3o Jos\u00e9 de Piranhas; e Gerv\u00e1sio Gomes, de Bernardino Batista. Esses s\u00e3o tr\u00eas dos&nbsp;<a href=\"https:\/\/www.clickpb.com.br\/politica\/insatisfeitos-22-prefeitos-anunciam-desfiliacao-coletivo-do-psb-e-reafirmam-apoio-joao-azevedo-277004.html\">22 prefeitos dissidentes do PSB<\/a>&nbsp;ap\u00f3s a sa\u00edda do governador da legenda socialista. &#8220;Estamos estruturando a base burocr\u00e1tica do partido para receber o grande n\u00famero de prefeitos que tem procurado o Cidadania de sexta-feira para c\u00e1. A partir de quarta-feira (5) vamos come\u00e7ar a receber alguns prefeitos para concretizar a filia\u00e7\u00e3o de cada um. Porque o desejo de vir para o Cidadania tem se manifestado em v\u00e1rias regi\u00f5es do Estado&#8221;, disse Guerra.<\/p>\n\n\n\n<p>Ele evitou falar sobre o n\u00famero de pol\u00edticos que procuraram o Cidadania ap\u00f3s Jo\u00e3o Azev\u00eado anunciar que est\u00e1 na legenda. &#8220;Na realidade, eu n\u00e3o gosto de falar sobre n\u00fameros. N\u00f3s estamos querendo qualidade na filia\u00e7\u00e3o e fidelidade ao comando do governador e ao projeto do governador, \u00e0 gest\u00e3o do governador. \u00c9 isso que a gente precisa. N\u00e3o \u00e9 quantidade, se s\u00e3o 50 ou 60 ou 80. Isso \u00e9 de menor import\u00e2ncia. Estamos aqui aguardando de portas abertas para receber prefeitos, vice-prefeitos e vereadores. Nesse primeiro momento n\u00f3s estamos fazendo a filia\u00e7\u00e3o individual. Hoje de manh\u00e3 j\u00e1 filiei uns tr\u00eas ou quatro prefeitos. De forma que ser\u00e1 assim.&#8221;<\/p>\n\n\n\n<p>O presidente do partido disse que haver\u00e1 uma solenidade de filia\u00e7\u00e3o do governador Jo\u00e3o Azev\u00eado e apresenta\u00e7\u00e3o oficial dos prefeitos, vices, e vereadores filiados. &#8220;Posteriormente, daqui a uns 15 ou 20 dias, a gente pretende fazer uma solenidade, o ato de filia\u00e7\u00e3o do governador e esses prefeitos todos, um evento coletivo para divulgar para todo o Estado da Para\u00edba.&#8221;<\/p>\n\n\n\n<p>Ronaldo Guerra tamb\u00e9m comentou sobre a defini\u00e7\u00e3o de nomes para as elei\u00e7\u00f5es deste ano. &#8220;Estamos lutando para isso. Temos 60 dias para isso. O governador j\u00e1 vai fazer umas consultas amanh\u00e3 e quarta-feira, no m\u00e1ximo, e vamos nos preparar no embate eleitoral em todas as cidades da Para\u00edba.&#8221;<\/p>\n\n\n\n<p>Sobre o comando do Cidadania na Para\u00edba, Guerra explicou sobre o tempo de mandato. &#8220;Fica da mesma forma porque n\u00f3s temos no Cidadania um congresso de quatro em quatro anos que elege a Comiss\u00e3o Executiva e o presidente. Meu mandato vai at\u00e9 mar\u00e7o de 2021 e, como \u00e9 meu primeiro mandato, ainda tenho direito a reelei\u00e7\u00e3o. Em Jo\u00e3o Pessoa \u00e9 a mesma coisa e em Campina Grande tamb\u00e9m. Temos no mandato em Jo\u00e3o Pessoa o vereador Bruno Farias e em Campina Grande \u00e9 o companheiro Laerte.&#8221;<\/p>\n","protected":false},"excerpt":{"rendered":"<p>Leo Bezerra, Tib\u00e9rio Limeira, Zezinho Botafogo e Tanilson Soares conversam com o presidente do Cidadania para acertar a filia\u00e7\u00e3o deles no partido escolhido pelo governador&hellip; <\/p>\n","protected":false},"author":1,"featured_media":151290,"comment_status":"closed","ping_status":"closed","sticky":false,"template":"","format":"standard","meta":{"sfsi_plus_gutenberg_text_before_share":"","sfsi_plus_gutenberg_show_text_before_share":"","sfsi_plus_gutenberg_icon_type":"","sfsi_plus_gutenberg_icon_alignemt":"","sfsi_plus_gutenburg_max_per_row":"","footnotes":""},"categories":[11],"tags":[],"class_list":["post-151289","post","type-post","status-publish","format-standard","has-post-thumbnail","hentry","category-politica"],"_links":{"self":[{"href":"https:\/\/www.caririemacao.com\/1\/wp-json\/wp\/v2\/posts\/151289","targetHints":{"allow":["GET"]}}],"collection":[{"href":"https:\/\/www.caririemacao.com\/1\/wp-json\/wp\/v2\/posts"}],"about":[{"href":"https:\/\/www.caririemacao.com\/1\/wp-json\/wp\/v2\/types\/post"}],"author":[{"embeddable":true,"href":"https:\/\/www.caririemacao.com\/1\/wp-json\/wp\/v2\/users\/1"}],"replies":[{"embeddable":true,"href":"https:\/\/www.caririemacao.com\/1\/wp-json\/wp\/v2\/comments?post=151289"}],"version-history":[{"count":1,"href":"https:\/\/www.caririemacao.com\/1\/wp-json\/wp\/v2\/posts\/151289\/revisions"}],"predecessor-version":[{"id":151291,"href":"https:\/\/www.caririemacao.com\/1\/wp-json\/wp\/v2\/posts\/151289\/revisions\/151291"}],"wp:featuredmedia":[{"embeddable":true,"href":"https:\/\/www.caririemacao.com\/1\/wp-json\/wp\/v2\/media\/151290"}],"wp:attachment":[{"href":"https:\/\/www.caririemacao.com\/1\/wp-json\/wp\/v2\/media?parent=151289"}],"wp:term":[{"taxonomy":"category","embeddable":true,"href":"https:\/\/www.caririemacao.com\/1\/wp-json\/wp\/v2\/categories?post=151289"},{"taxonomy":"post_tag","embeddable":true,"href":"https:\/\/www.caririemacao.com\/1\/wp-json\/wp\/v2\/tags?post=151289"}],"curies":[{"name":"wp","href":"https:\/\/api.w.org\/{rel}","templated":true}]}}