{"id":151292,"date":"2020-02-04T07:33:26","date_gmt":"2020-02-04T10:33:26","guid":{"rendered":"http:\/\/www.caririemacao.com\/1\/?p=151292"},"modified":"2020-02-04T07:33:28","modified_gmt":"2020-02-04T10:33:28","slug":"sem-citar-preservativos-campanha-contra-gravidez-na-adolescencia-prega-reflexao","status":"publish","type":"post","link":"https:\/\/www.caririemacao.com\/1\/2020\/02\/04\/sem-citar-preservativos-campanha-contra-gravidez-na-adolescencia-prega-reflexao\/","title":{"rendered":"Sem citar preservativos, campanha contra gravidez na adolesc\u00eancia prega reflex\u00e3o"},"content":{"rendered":"\n<p>Sem citar preservativos e outros m\u00e9todos contraceptivos, o governo lan\u00e7ou nesta segunda-feira (3) uma campanha que pede que jovens busquem informa\u00e7\u00f5es e &#8220;reflex\u00e3o&#8221; como forma de prevenir a gravidez na adolesc\u00eancia.&nbsp;<\/p>\n\n\n\n<p>Embora n\u00e3o traga uma mensagem expl\u00edcita a favor da abstin\u00eancia sexual, a estrat\u00e9gia foi definida pela ministra da Mulher, Fam\u00edlia e Direitos Humanos, Damares Alves, como o &#8220;start&#8221; de um plano a favor desse modelo, a ser lan\u00e7ado em parceria com as pastas da Sa\u00fade e Educa\u00e7\u00e3o.&nbsp;<\/p>\n\n\n\n<p>O custo previsto para a campanha \u00e9 de R$ 3,5 milh\u00f5es. Foram feitos v\u00eddeos e materiais informativos com o mote de &#8220;adolesc\u00eancia primeiro, gravidez depois&#8221;.&nbsp; &#8220;Gravidez n\u00e3o combina com adolesc\u00eancia. Informe-se, converse com sua fam\u00edlia&#8221;, diz o v\u00eddeo que far\u00e1 parte da estrat\u00e9gia.&nbsp;<\/p>\n\n\n\n<p>Segundo a titular da pasta da Mulher, Fam\u00edlia e Direitos Humanos, a medida \u00e9 o primeiro passo de um plano nacional de preven\u00e7\u00e3o ao sexo precoce hoje em fase de elabora\u00e7\u00e3o, o qual deve incluir a defesa de que jovens adiem o in\u00edcio das rela\u00e7\u00f5es sexuais.<\/p>\n\n\n\n<p>Entre as a\u00e7\u00f5es que est\u00e3o sendo planejadas, afirma, est\u00e3o cartilhas para serem distribu\u00eddas nas escolas e propostas de m\u00fasicas que &#8220;n\u00e3o cantem s\u00f3 a exalta\u00e7\u00e3o do sexo para as novinhas.&#8221;<\/p>\n\n\n\n<p>&#8220;Vamos sim para cartilhas, para escolas, para rodas de conversa com adolescentes. Vamos convidar a arte, as m\u00fasicas, em vez de cantar s\u00f3 a exalta\u00e7\u00e3o do sexo para as novinhas, por que n\u00e3o vir novas m\u00fasicas?&#8221;, disse.&nbsp;<\/p>\n\n\n\n<p>Ao comentar o lan\u00e7amento, a ministra minimizou as cr\u00edticas e agradeceu a imprensa por ter feito o que chamou de uma &#8220;pr\u00e9-campanha extraordin\u00e1ria&#8221;, em refer\u00eancia a reportagens sobre o tema. Em seguida, tentou rebater cr\u00edticas.<\/p>\n\n\n\n<p>&#8220;Um ano de conversa. Isso n\u00e3o nasceu num insight, numa loucura de uma ministra moralista, fundamentalista. Um ano conversando, porque a gente precisava e precisa mudar os n\u00fameros que est\u00e3o postos [de gravidez na adolesc\u00eancia]. N\u00f3s buscamos in\u00fameras propostas. N\u00f3s conversamos com todo mundo: com especialistas, com pais, com adolescentes. N\u00f3s conversamos e n\u00f3s tivemos a coragem de dizer: n\u00f3s vamos falar sobre retardar o in\u00edcio da rela\u00e7\u00e3o sexual. Trazer todo o bojo de m\u00e9todos preventivos que j\u00e1 existem e tamb\u00e9m o &#8220;reflita, pense duas vezes&#8221;, disse.&nbsp;<\/p>\n\n\n\n<p>Embora a campanha n\u00e3o defina uma faixa et\u00e1ria, a ministra disse que a ideia n\u00e3o \u00e9 s\u00f3 falar para a menina &#8220;de 15 anos&#8221;, mas tamb\u00e9m &#8220;para aquela de 11 anos, de dez anos&#8221;.&nbsp;<\/p>\n\n\n\n<p>Para ela, h\u00e1 um uso exagerado de alguns m\u00e9todos de preven\u00e7\u00e3o, como uso da p\u00edlula do dia seguinte. A pasta, por\u00e9m, n\u00e3o divulgou dados sobre o tema.<\/p>\n\n\n\n<p>Dados divulgados pelo Minist\u00e9rio da Sa\u00fade no lan\u00e7amento apontam que o Brasil registra cerca de 434 mil casos de gravidez na adolesc\u00eancia a cada ano, ou cerca de 930 por dia. &#8220;\u00c9 preciso que a sociedade acorde e pare de achar que \u00e9 assim porque \u00e9 assim&#8221;, disse o ministro da Sa\u00fade, Luiz Henrique Mandetta.<\/p>\n\n\n\n<p>Segundo ele, a campanha foi baseada em dados que apontam que esse grupo vive uma press\u00e3o para o in\u00edcio das rela\u00e7\u00f5es sexuais.<\/p>\n\n\n\n<p>Questionado sobre cr\u00edticas ao modelo, Mandetta disse que a pol\u00edtica ser\u00e1 complementar \u00e0 oferta de preservativos, mas defendeu a proposta. &#8220;N\u00e3o h\u00e1 nenhum tipo de pol\u00edtica que seja \u00fanica. A comportamental \u00e9 importante sim, e ela nunca foi feita&#8221;, afirma.<\/p>\n\n\n\n<p>No encontro, por\u00e9m, ele evitou falar em abstin\u00eancia.<\/p>\n\n\n\n<p>&#8220;A campanha fala por si. Acho que ela vai motivar. Quando fala &#8216;adolesc\u00eancia primeiro, gravidez depois&#8217;, e fala das consequ\u00eancia, ela vai motivar uma s\u00e9rie de debates, como eu previno. Um dos debates que vai ter \u00e9 sim &#8216;eu me reservo ao direito de ter atividade no momento em que achar&#8217; melhor. Se voc\u00ea quiser entender isso como abstin\u00eancia&#8230; Eu n\u00e3o entendo como abstin\u00eancia. Eu entendo como comportamento mais respons\u00e1vel&#8221;, disse.<\/p>\n","protected":false},"excerpt":{"rendered":"<p>Sem citar preservativos e outros m\u00e9todos contraceptivos, o governo lan\u00e7ou nesta segunda-feira (3) uma campanha que pede que jovens busquem informa\u00e7\u00f5es e &#8220;reflex\u00e3o&#8221; como forma&hellip; <\/p>\n","protected":false},"author":1,"featured_media":136793,"comment_status":"closed","ping_status":"closed","sticky":false,"template":"","format":"standard","meta":{"sfsi_plus_gutenberg_text_before_share":"","sfsi_plus_gutenberg_show_text_before_share":"","sfsi_plus_gutenberg_icon_type":"","sfsi_plus_gutenberg_icon_alignemt":"","sfsi_plus_gutenburg_max_per_row":"","footnotes":""},"categories":[11],"tags":[],"class_list":["post-151292","post","type-post","status-publish","format-standard","has-post-thumbnail","hentry","category-politica"],"_links":{"self":[{"href":"https:\/\/www.caririemacao.com\/1\/wp-json\/wp\/v2\/posts\/151292","targetHints":{"allow":["GET"]}}],"collection":[{"href":"https:\/\/www.caririemacao.com\/1\/wp-json\/wp\/v2\/posts"}],"about":[{"href":"https:\/\/www.caririemacao.com\/1\/wp-json\/wp\/v2\/types\/post"}],"author":[{"embeddable":true,"href":"https:\/\/www.caririemacao.com\/1\/wp-json\/wp\/v2\/users\/1"}],"replies":[{"embeddable":true,"href":"https:\/\/www.caririemacao.com\/1\/wp-json\/wp\/v2\/comments?post=151292"}],"version-history":[{"count":1,"href":"https:\/\/www.caririemacao.com\/1\/wp-json\/wp\/v2\/posts\/151292\/revisions"}],"predecessor-version":[{"id":151293,"href":"https:\/\/www.caririemacao.com\/1\/wp-json\/wp\/v2\/posts\/151292\/revisions\/151293"}],"wp:featuredmedia":[{"embeddable":true,"href":"https:\/\/www.caririemacao.com\/1\/wp-json\/wp\/v2\/media\/136793"}],"wp:attachment":[{"href":"https:\/\/www.caririemacao.com\/1\/wp-json\/wp\/v2\/media?parent=151292"}],"wp:term":[{"taxonomy":"category","embeddable":true,"href":"https:\/\/www.caririemacao.com\/1\/wp-json\/wp\/v2\/categories?post=151292"},{"taxonomy":"post_tag","embeddable":true,"href":"https:\/\/www.caririemacao.com\/1\/wp-json\/wp\/v2\/tags?post=151292"}],"curies":[{"name":"wp","href":"https:\/\/api.w.org\/{rel}","templated":true}]}}