{"id":151296,"date":"2020-02-04T07:36:00","date_gmt":"2020-02-04T10:36:00","guid":{"rendered":"http:\/\/www.caririemacao.com\/1\/?p=151296"},"modified":"2020-02-04T07:36:02","modified_gmt":"2020-02-04T10:36:02","slug":"justica-rejeita-denuncia-de-mpf-contra-lula-em-invasao-de-triplex","status":"publish","type":"post","link":"https:\/\/www.caririemacao.com\/1\/2020\/02\/04\/justica-rejeita-denuncia-de-mpf-contra-lula-em-invasao-de-triplex\/","title":{"rendered":"Justi\u00e7a rejeita den\u00fancia de MPF contra Lula em invas\u00e3o de tr\u00edplex"},"content":{"rendered":"\n<p>A Justi\u00e7a rejeitou den\u00fancia do Minist\u00e9rio P\u00fablico Federal (MPF) contra o ex-presidente Luiz In\u00e1cio Lula da Silva pela invas\u00e3o do apartamento tr\u00edplex em Guaruj\u00e1, em abril de 2018.<\/p>\n\n\n\n<p>A decis\u00e3o foi assinada pela ju\u00edza Lisa Taubemblatt, da 6\u00aa Vara Federal de Santos.<\/p>\n\n\n\n<p>O MPF havia acusado Lula de ter incentivado a invas\u00e3o do MTST em virtude de um discurso em 7 de abril de 2018, horas antes de se entregar \u00e0 Pol\u00edcia Federal. O ex-presidente teria dito a Boulos que o MTST poderia ocupar o im\u00f3vel.<\/p>\n\n\n\n<p>No dia 16 abril de 2018, dias ap\u00f3s Lula ter iniciado o cumprimento de sua pena, o tr\u00edplex foi invadido<\/p>\n\n\n\n<p>&#8220;Ainda que a den\u00fancia descreva exatamente como o acusado convocou, instigou e estimulou os corr\u00e9us a perpetrarem a invas\u00e3o do &#8216;Tr\u00edplex do Guaruj\u00e1&#8217;, n\u00e3o vinculou de modo conclusivo, necess\u00e1rio e determinante a conduta individual do agente ao evento delituoso&#8221;, afirma o documento assinado pela ju\u00edza.<\/p>\n\n\n\n<p>A decis\u00e3o beneficia apenas Lula. Guilherme Boulos e os militantes do MTST Anderson Dal\u00e9cio Feliciano, Andreia Barbosa da Silva e Ediane Aparecida do Nascimento, tamb\u00e9m acusados pelo MPF, seguem como corr\u00e9us da a\u00e7\u00e3o.<\/p>\n\n\n\n<p>Ao apresentar den\u00fancia, o MPF baseou-se no crime previsto no artigo 346 do C\u00f3digo Penal: tirar, suprimir, destruir ou danificar coisa em poder de terceiro por determina\u00e7\u00e3o judicial, cuja pena \u00e9 de deten\u00e7\u00e3o de seis meses a dois anos.<\/p>\n\n\n\n<p>&#8220;A mera invoca\u00e7\u00e3o da condi\u00e7\u00e3o de l\u00edder carism\u00e1tico, sem a correspondente e objetiva descri\u00e7\u00e3o expl\u00edcita de determinado comportamento t\u00edpico que vincule o acusado ao resultado criminoso, n\u00e3o constitui fator suficientemente apto a legitimar o recebimento da pe\u00e7a acusat\u00f3ria&#8221;, diz o documento sobre Lula.<\/p>\n\n\n\n<p>O apartamento \u00e9 ponto central da a\u00e7\u00e3o penal e seria uma contrapartida por um esquema de corrup\u00e7\u00e3o envolvendo contratos entre a Petrobras e a empreiteira OAS.<\/p>\n","protected":false},"excerpt":{"rendered":"<p>A Justi\u00e7a rejeitou den\u00fancia do Minist\u00e9rio P\u00fablico Federal (MPF) contra o ex-presidente Luiz In\u00e1cio Lula da Silva pela invas\u00e3o do apartamento tr\u00edplex em Guaruj\u00e1, em&hellip; <\/p>\n","protected":false},"author":1,"featured_media":77383,"comment_status":"closed","ping_status":"closed","sticky":false,"template":"","format":"standard","meta":{"sfsi_plus_gutenberg_text_before_share":"","sfsi_plus_gutenberg_show_text_before_share":"","sfsi_plus_gutenberg_icon_type":"","sfsi_plus_gutenberg_icon_alignemt":"","sfsi_plus_gutenburg_max_per_row":"","footnotes":""},"categories":[50,11],"tags":[],"class_list":["post-151296","post","type-post","status-publish","format-standard","has-post-thumbnail","hentry","category-destaque","category-politica"],"_links":{"self":[{"href":"https:\/\/www.caririemacao.com\/1\/wp-json\/wp\/v2\/posts\/151296","targetHints":{"allow":["GET"]}}],"collection":[{"href":"https:\/\/www.caririemacao.com\/1\/wp-json\/wp\/v2\/posts"}],"about":[{"href":"https:\/\/www.caririemacao.com\/1\/wp-json\/wp\/v2\/types\/post"}],"author":[{"embeddable":true,"href":"https:\/\/www.caririemacao.com\/1\/wp-json\/wp\/v2\/users\/1"}],"replies":[{"embeddable":true,"href":"https:\/\/www.caririemacao.com\/1\/wp-json\/wp\/v2\/comments?post=151296"}],"version-history":[{"count":1,"href":"https:\/\/www.caririemacao.com\/1\/wp-json\/wp\/v2\/posts\/151296\/revisions"}],"predecessor-version":[{"id":151297,"href":"https:\/\/www.caririemacao.com\/1\/wp-json\/wp\/v2\/posts\/151296\/revisions\/151297"}],"wp:featuredmedia":[{"embeddable":true,"href":"https:\/\/www.caririemacao.com\/1\/wp-json\/wp\/v2\/media\/77383"}],"wp:attachment":[{"href":"https:\/\/www.caririemacao.com\/1\/wp-json\/wp\/v2\/media?parent=151296"}],"wp:term":[{"taxonomy":"category","embeddable":true,"href":"https:\/\/www.caririemacao.com\/1\/wp-json\/wp\/v2\/categories?post=151296"},{"taxonomy":"post_tag","embeddable":true,"href":"https:\/\/www.caririemacao.com\/1\/wp-json\/wp\/v2\/tags?post=151296"}],"curies":[{"name":"wp","href":"https:\/\/api.w.org\/{rel}","templated":true}]}}