{"id":151298,"date":"2020-02-04T07:37:16","date_gmt":"2020-02-04T10:37:16","guid":{"rendered":"http:\/\/www.caririemacao.com\/1\/?p=151298"},"modified":"2020-02-04T07:37:18","modified_gmt":"2020-02-04T10:37:18","slug":"funcionarios-da-casa-da-moeda-fazem-nova-paralisacao-por-salario","status":"publish","type":"post","link":"https:\/\/www.caririemacao.com\/1\/2020\/02\/04\/funcionarios-da-casa-da-moeda-fazem-nova-paralisacao-por-salario\/","title":{"rendered":"Funcion\u00e1rios da Casa da Moeda fazem nova paralisa\u00e7\u00e3o por sal\u00e1rio"},"content":{"rendered":"\n<p>Cerca de 1.900 funcion\u00e1rios da Casa da Moeda fazem, nesta segunda-feira (3), uma paralisa\u00e7\u00e3o de 24 horas. \u00c9 um novo protesto de trabalhadores que tem origem na negocia\u00e7\u00e3o do acordo salarial de 2019.<\/p>\n\n\n\n<p>Funcion\u00e1rios afirmam estar desde dezembro sem receber sal\u00e1rio devido a mudan\u00e7as no calend\u00e1rio de pagamento. Dizem tamb\u00e9m trabalhar desde 1\u00ba de janeiro sem seguro de vida, pedem o retorno do vale-alimenta\u00e7\u00e3o e queixam-se que o desconto para plano de sa\u00fade passou de 10% para 50%.<\/p>\n\n\n\n<p>Segundo o sindicato, o movimento teve ades\u00e3o total no primeiro turno de f\u00e1brica, que opera de meia-noite \u00e0s 8h. No segundo turno, que \u00e9 das 8h \u00e0s 16h, a ades\u00e3o teria sido praticamente total. A expectativa \u00e9 que se repita das 16h \u00e0 meia-noite, per\u00edodo de funcionamento do terceiro turno. A partir da\u00ed, os trabalhadores entrar\u00e3o em estado de greve.<\/p>\n\n\n\n<p>Segundo a diretoria da estatal, como a greve aprovada em assembleia na quinta-feira (30) foi de apenas um dia, &#8220;a empresa n\u00e3o pretende adotar medidas legais para impedir o movimento, desde que ocorra dentro dos limites previstos na Lei de Greve&#8221;.<\/p>\n\n\n\n<p>Casa da Moeda e funcion\u00e1rios vivem impasse relacionado \u00e0 renova\u00e7\u00e3o do acordo coletivo de 2019, processo que chegou a ser mediado sem sucesso pelo TST (Tribunal Superior do Trabalho). No in\u00edcio deste, a empresa anunciou o corte de benef\u00edcios enquanto o diss\u00eddio n\u00e3o \u00e9 julgado pelo tribunal.<\/p>\n\n\n\n<p>O sindicato diz que os cortes representam perda salarial m\u00e9dia de R$ 2.500 e que parte dos funcion\u00e1rios vir\u00e1 com contracheque zerado no fim do m\u00eas. Eles rejeitaram proposta de acordo provis\u00f3rio com vig\u00eancia at\u00e9 o julgamento.<\/p>\n\n\n\n<p>A tens\u00e3o entre sindicato e diretoria se estende h\u00e1 semanas. No dia 10 de janeiro, uma sexta-feira, funcion\u00e1rios da Casa da Moeda pararam as atividades no meio da tarde e invadiram a \u00e1rea administrativa do parque industrial. Sob vaias, o presidente da estatal, Eduardo Zimmmer, foi escoltado por seguran\u00e7as para deixar o edif\u00edcio.<\/p>\n\n\n\n<p>Na segunda (13), novos protestos foram realizados, levando a dire\u00e7\u00e3o a despachar no Museu da Casa da Moeda, no centro do Rio, a cerca de 70 quil\u00f4metros de dist\u00e2ncia da f\u00e1brica. H\u00e1 relatos de brigas entre funcion\u00e1rios de posi\u00e7\u00f5es pol\u00edticas divergentes durante os dias de maior tens\u00e3o.<\/p>\n\n\n\n<p>Na quinta (16), a empresa retomou as atividades. As paralisa\u00e7\u00f5es n\u00e3o chegaram a afetar a entrega de passaportes, segundo a Pol\u00edcia Federal. O Banco Central disse que mant\u00e9m estoque de seguran\u00e7a de c\u00e9dulas e moedas.<\/p>\n\n\n\n<p>A Casa da Moeda est\u00e1 no programa de desestatiza\u00e7\u00e3o do governo Bolsonaro e vem passando por um processo de mudan\u00e7as desde 2017, o primeiro de uma s\u00e9rie de tr\u00eas anos de preju\u00edzo \u2014 causado, naquele ano, pela perda de R$ 1,4 bilh\u00e3o em receita com o fim dos selos de controle e bebidas alco\u00f3licas.<\/p>\n\n\n\n<p>Escalado pelo ministro Paulo Guedes (Economia) para a tarefa de arrumar a Casa da Moeda, Zimmer substituiu os integrantes do comit\u00ea de elegibilidade da empresa para aprovar a nomea\u00e7\u00e3o do amigo Saudir Luiz Filliberti para cargo de diretor, ap\u00f3s rejei\u00e7\u00e3o por &#8220;aus\u00eancia do preenchimento de requisitos&#8221; para os cargos.<\/p>\n","protected":false},"excerpt":{"rendered":"<p>Cerca de 1.900 funcion\u00e1rios da Casa da Moeda fazem, nesta segunda-feira (3), uma paralisa\u00e7\u00e3o de 24 horas. \u00c9 um novo protesto de trabalhadores que tem&hellip; <\/p>\n","protected":false},"author":1,"featured_media":151299,"comment_status":"closed","ping_status":"closed","sticky":false,"template":"","format":"standard","meta":{"sfsi_plus_gutenberg_text_before_share":"","sfsi_plus_gutenberg_show_text_before_share":"","sfsi_plus_gutenberg_icon_type":"","sfsi_plus_gutenberg_icon_alignemt":"","sfsi_plus_gutenburg_max_per_row":"","footnotes":""},"categories":[2],"tags":[],"class_list":["post-151298","post","type-post","status-publish","format-standard","has-post-thumbnail","hentry","category-geral"],"_links":{"self":[{"href":"https:\/\/www.caririemacao.com\/1\/wp-json\/wp\/v2\/posts\/151298","targetHints":{"allow":["GET"]}}],"collection":[{"href":"https:\/\/www.caririemacao.com\/1\/wp-json\/wp\/v2\/posts"}],"about":[{"href":"https:\/\/www.caririemacao.com\/1\/wp-json\/wp\/v2\/types\/post"}],"author":[{"embeddable":true,"href":"https:\/\/www.caririemacao.com\/1\/wp-json\/wp\/v2\/users\/1"}],"replies":[{"embeddable":true,"href":"https:\/\/www.caririemacao.com\/1\/wp-json\/wp\/v2\/comments?post=151298"}],"version-history":[{"count":1,"href":"https:\/\/www.caririemacao.com\/1\/wp-json\/wp\/v2\/posts\/151298\/revisions"}],"predecessor-version":[{"id":151300,"href":"https:\/\/www.caririemacao.com\/1\/wp-json\/wp\/v2\/posts\/151298\/revisions\/151300"}],"wp:featuredmedia":[{"embeddable":true,"href":"https:\/\/www.caririemacao.com\/1\/wp-json\/wp\/v2\/media\/151299"}],"wp:attachment":[{"href":"https:\/\/www.caririemacao.com\/1\/wp-json\/wp\/v2\/media?parent=151298"}],"wp:term":[{"taxonomy":"category","embeddable":true,"href":"https:\/\/www.caririemacao.com\/1\/wp-json\/wp\/v2\/categories?post=151298"},{"taxonomy":"post_tag","embeddable":true,"href":"https:\/\/www.caririemacao.com\/1\/wp-json\/wp\/v2\/tags?post=151298"}],"curies":[{"name":"wp","href":"https:\/\/api.w.org\/{rel}","templated":true}]}}