{"id":151301,"date":"2020-02-04T07:39:07","date_gmt":"2020-02-04T10:39:07","guid":{"rendered":"http:\/\/www.caririemacao.com\/1\/?p=151301"},"modified":"2020-02-04T07:39:08","modified_gmt":"2020-02-04T10:39:08","slug":"bolsonaro-diz-nao-ter-ouvido-explicacoes-de-weintraub-sobre-enem-por-estar-saturado","status":"publish","type":"post","link":"https:\/\/www.caririemacao.com\/1\/2020\/02\/04\/bolsonaro-diz-nao-ter-ouvido-explicacoes-de-weintraub-sobre-enem-por-estar-saturado\/","title":{"rendered":"Bolsonaro diz n\u00e3o ter ouvido explica\u00e7\u00f5es de Weintraub sobre Enem por estar &#8216;saturado&#8217;"},"content":{"rendered":"\n<p>&nbsp;O presidente Jair Bolsonaro (sem partido) disse n\u00e3o ter ouvido as explica\u00e7\u00f5es do ministro Abraham Weintraub (Educa\u00e7\u00e3o) sobre problemas no Enem por estar &#8220;saturado&#8221;.<\/p>\n\n\n\n<p>&#8220;Ele queria apresentar para mim uns dados e eu n\u00e3o quis porque t\u00f4 com a cabe\u00e7a cheia. Hoje eu saturei. Eu conversei e quase todo mundo. Tem problema, \u00e9 natural, agora isso representa menos de zero v\u00edrgula alguma coisa o problema que tivemos&#8221;, afirmou nesta segunda-feira (3) ao chegar ao Pal\u00e1cio da Alvorada.&nbsp;<\/p>\n\n\n\n<p>A declara\u00e7\u00e3o foi feita no retorno do presidente a Bras\u00edlia. Ele viajou a S\u00e3o Paulo pela manh\u00e3 acompanhado de Weintraub.&nbsp;<\/p>\n\n\n\n<p>Na capital paulista, Bolsonaro participou de um almo\u00e7o na Fiesp e de uma cerim\u00f4nia em um col\u00e9gio militar.&nbsp;<\/p>\n\n\n\n<p>O titular da Educa\u00e7\u00e3o est\u00e1 sob forte press\u00e3o em raz\u00e3o da crise decorrente de problemas nas notas do Enem, o que afetou tamb\u00e9m o sistema de sele\u00e7\u00e3o para institui\u00e7\u00f5es de ensino superior, o Sisu.&nbsp;<\/p>\n\n\n\n<p>Weintraub ainda tem sido criticado pelo presidente da C\u00e2mara, Rodrigo Maia (DEM-RJ), que o chamou de desastre.<\/p>\n\n\n\n<p>Nesta segunda-feira (3), ministro Onyx Lorenzoni (Casa Civil), que tamb\u00e9m teve o cargo amea\u00e7ado, afirmou que Bolsonaro n\u00e3o pretende promover uma reforma ministerial e que Weintraub, permanecer\u00e1 no cargo.<\/p>\n\n\n\n<p>&#8220;N\u00e3o, na nossa conversa de s\u00e1bado (1\u00ba) eu abordei esse assunto e ele [Bolsonaro] foi muito firme em me dizer n\u00e3o. &#8216;N\u00e3o quero mudar ningu\u00e9m, estou satisfeito com o desempenho de todos&#8217;. Eventualmente pode ter claro uma quest\u00e3o aqui ou acol\u00e1, isso \u00e9 normal&#8221;, disse Onyx, em entrevista \u00e0 R\u00e1dio Ga\u00facha.<\/p>\n\n\n\n<p>Segundo o ministro, Bolsonaro est\u00e1 &#8220;plenamente satisfeito&#8221; com a sua equipe.<\/p>\n\n\n\n<p>Ao inaugurar a pedra fundamental do Col\u00e9gio Militar de S\u00e3o Paulo, na capital paulista,&nbsp; Bolsonaro criticou os governadores do Nordeste por n\u00e3o terem aderido ao programa do governo federal para implanta\u00e7\u00e3o de escolas c\u00edvico-militares.<\/p>\n\n\n\n<p>&#8220;A quest\u00e3o pol\u00edtico-partid\u00e1ria n\u00e3o pode estar \u00e0 frente da necessidade de um pa\u00eds&#8221;, disse Bolsonaro. Os governadores do Nordeste s\u00e3o, em sua maioria, de partidos de esquerda.<\/p>\n\n\n\n<p>O presidente afirmou que os col\u00e9gios militares s\u00e3o &#8220;comprovadamente de qualidade&#8221; e criticou a situa\u00e7\u00e3o da educa\u00e7\u00e3o no Brasil.<\/p>\n\n\n\n<p>&#8220;Ironicamente falando, o Brasil chegou numa situa\u00e7\u00e3o de educa\u00e7\u00e3o que n\u00e3o pode ser ultrapassada por mais ningu\u00e9m. Por qu\u00ea? J\u00e1 estamos no \u00faltimo lugar&#8221;, afirmou ao comentar o resultado do Pisa, avalia\u00e7\u00e3o mundial de educa\u00e7\u00e3o, feita em 2018.&nbsp;<\/p>\n\n\n\n<p>O Brasil ocupa a 42\u00aa posi\u00e7\u00e3o no ranking em leitura, 58\u00aa em matem\u00e1tica e 53\u00aa em ci\u00eancias, entre 79 pa\u00edses ou regi\u00f5es avaliados.<\/p>\n\n\n\n<p>O presidente disse ainda que seu governo vai melhorar a posi\u00e7\u00e3o do pa\u00eds na pr\u00f3xima avalia\u00e7\u00e3o, em 2021.&nbsp;<\/p>\n","protected":false},"excerpt":{"rendered":"<p>&nbsp;O presidente Jair Bolsonaro (sem partido) disse n\u00e3o ter ouvido as explica\u00e7\u00f5es do ministro Abraham Weintraub (Educa\u00e7\u00e3o) sobre problemas no Enem por estar &#8220;saturado&#8221;. &#8220;Ele&hellip; <\/p>\n","protected":false},"author":1,"featured_media":149112,"comment_status":"closed","ping_status":"closed","sticky":false,"template":"","format":"standard","meta":{"sfsi_plus_gutenberg_text_before_share":"","sfsi_plus_gutenberg_show_text_before_share":"","sfsi_plus_gutenberg_icon_type":"","sfsi_plus_gutenberg_icon_alignemt":"","sfsi_plus_gutenburg_max_per_row":"","footnotes":""},"categories":[11],"tags":[],"class_list":["post-151301","post","type-post","status-publish","format-standard","has-post-thumbnail","hentry","category-politica"],"_links":{"self":[{"href":"https:\/\/www.caririemacao.com\/1\/wp-json\/wp\/v2\/posts\/151301","targetHints":{"allow":["GET"]}}],"collection":[{"href":"https:\/\/www.caririemacao.com\/1\/wp-json\/wp\/v2\/posts"}],"about":[{"href":"https:\/\/www.caririemacao.com\/1\/wp-json\/wp\/v2\/types\/post"}],"author":[{"embeddable":true,"href":"https:\/\/www.caririemacao.com\/1\/wp-json\/wp\/v2\/users\/1"}],"replies":[{"embeddable":true,"href":"https:\/\/www.caririemacao.com\/1\/wp-json\/wp\/v2\/comments?post=151301"}],"version-history":[{"count":1,"href":"https:\/\/www.caririemacao.com\/1\/wp-json\/wp\/v2\/posts\/151301\/revisions"}],"predecessor-version":[{"id":151302,"href":"https:\/\/www.caririemacao.com\/1\/wp-json\/wp\/v2\/posts\/151301\/revisions\/151302"}],"wp:featuredmedia":[{"embeddable":true,"href":"https:\/\/www.caririemacao.com\/1\/wp-json\/wp\/v2\/media\/149112"}],"wp:attachment":[{"href":"https:\/\/www.caririemacao.com\/1\/wp-json\/wp\/v2\/media?parent=151301"}],"wp:term":[{"taxonomy":"category","embeddable":true,"href":"https:\/\/www.caririemacao.com\/1\/wp-json\/wp\/v2\/categories?post=151301"},{"taxonomy":"post_tag","embeddable":true,"href":"https:\/\/www.caririemacao.com\/1\/wp-json\/wp\/v2\/tags?post=151301"}],"curies":[{"name":"wp","href":"https:\/\/api.w.org\/{rel}","templated":true}]}}