{"id":151337,"date":"2020-02-04T07:51:06","date_gmt":"2020-02-04T10:51:06","guid":{"rendered":"http:\/\/www.caririemacao.com\/1\/?p=151337"},"modified":"2020-02-04T07:51:07","modified_gmt":"2020-02-04T10:51:07","slug":"servidores-estaduais-realizam-ato-publico-contra-reforma-da-previdencia-estadual-nesta-terca","status":"publish","type":"post","link":"https:\/\/www.caririemacao.com\/1\/2020\/02\/04\/servidores-estaduais-realizam-ato-publico-contra-reforma-da-previdencia-estadual-nesta-terca\/","title":{"rendered":"Servidores estaduais realizam ato p\u00fablico contra reforma da Previd\u00eancia estadual nesta ter\u00e7a"},"content":{"rendered":"\n<p>Cerca de vinte categorias de servidores p\u00fablicos estaduais estar\u00e3o presentes em frente \u00e0 Assembleia Legislativa da Para\u00edba (ALPB), nesta ter\u00e7a-feira (4), a partir das 9h, para protestar contra a Reforma da Previd\u00eancia Estadual, prevista para ser votada ap\u00f3s a abertura dos trabalhos da Casa Legislativa.&nbsp;&nbsp;Est\u00e3o previstas a participa\u00e7\u00e3o de servidores do segmento de seguran\u00e7a p\u00fablica, sa\u00fade, educa\u00e7\u00e3o, judici\u00e1rio, fisco, entre outras.<\/p>\n\n\n\n<p>Os servidores questionam que n\u00e3o houve di\u00e1logo para apresentar a proposta, que tramita em car\u00e1ter de urg\u00eancia urgent\u00edssima na ALPB.&nbsp;<\/p>\n\n\n\n<p>De acordo com o secret\u00e1rio de organiza\u00e7\u00e3o e pol\u00edtica sindical da CUT-PB, Paulo Tavares, o objetivo do ato p\u00fablico \u00e9 sensibilizar os deputados e a sociedade de que o atual projeto apenas retira os direitos dos servidores sem ter sido dialogado previamente.&nbsp;<\/p>\n\n\n\n<p>\u201cVamos mostrar aos parlamentares e \u00e0 popula\u00e7\u00e3o em geral que somos contra a Reforma da Previd\u00eancia da maneira que est\u00e1 sendo apresentada. O setor p\u00fablico quer continuar oferecendo um servi\u00e7o de boa qualidade ao povo paraibano\u201d, ressaltou o dirigente da CUT-PB, que tamb\u00e9m \u00e9 secret\u00e1rio de organiza\u00e7\u00e3o do Sintep, entidade representativa da educa\u00e7\u00e3o, que se encontra em greve contra a reforma.<\/p>\n\n\n\n<p>A proposta de reforma encontra-se tramitando desde o in\u00edcio de dezembro, remetida pelo Poder Executivo. Para a presidente da ASPOL-PB, Suana Melo, \u00e9 dif\u00edcil entender o porqu\u00ea de se pautar o projeto de forma repentina.&nbsp;<\/p>\n\n\n\n<p>\u201cPrecisamos que os deputados conhe\u00e7am aquilo que pode ser melhorado nesse texto. As categorias querem contribuir com a melhoria dessa reforma de modo que ela seja aprovada dentro das limita\u00e7\u00f5es, sem fazer com que os profissionais percam direitos\u201d, pontuou Suana.&nbsp;<\/p>\n\n\n\n<p>A manifesta\u00e7\u00e3o deve se estender durante o dia na ALPB, a fim de que os parlamentares recebam as entidades e para que o presidente da Casa, deputado Adriano Galdino, crie uma comiss\u00e3o t\u00e9cnica para discutir algumas melhorias nessa reforma junto com o F\u00f3rum dos Servidores.&nbsp;<\/p>\n\n\n\n<p>O F\u00f3rum dos Servidores vem reivindicando informa\u00e7\u00f5es sobre como est\u00e1 a PBPrev atualmente e qual a real necessidade de realizar a Reforma da Previd\u00eancia Estadual sem antes dialogar com os servidores.&nbsp;<\/p>\n\n\n\n<p>Com intuito de garantir a transpar\u00eancia do processo e acesso aos dados da PBprev, o F\u00f3rum est\u00e1 buscando dados sobre receita, d\u00e9ficit (se houver), cobran\u00e7a dos inadimplentes, d\u00edvidas, empr\u00e9stimos efetuados e possibilidades de novas formas eficazes de financiamento da previd\u00eancia estadual.&nbsp;<\/p>\n\n\n\n<p>O Governo, no entanto, n\u00e3o apresentou nenhum dado oficial.<\/p>\n\n\n\n<p>\u201cPrecisamos saber realmente qual a situa\u00e7\u00e3o da Para\u00edba, at\u00e9 porque o Governo do Estado tem recebido pr\u00eamios por boa gest\u00e3o e por equil\u00edbrio fiscal. N\u00e3o entendemos por que agora a situa\u00e7\u00e3o vem se propagando com o argumento de que existe um d\u00e9ficit\u201d, finalizou Suana.<\/p>\n","protected":false},"excerpt":{"rendered":"<p>Cerca de vinte categorias de servidores p\u00fablicos estaduais estar\u00e3o presentes em frente \u00e0 Assembleia Legislativa da Para\u00edba (ALPB), nesta ter\u00e7a-feira (4), a partir das 9h,&hellip; <\/p>\n","protected":false},"author":1,"featured_media":109532,"comment_status":"closed","ping_status":"closed","sticky":false,"template":"","format":"standard","meta":{"sfsi_plus_gutenberg_text_before_share":"","sfsi_plus_gutenberg_show_text_before_share":"","sfsi_plus_gutenberg_icon_type":"","sfsi_plus_gutenberg_icon_alignemt":"","sfsi_plus_gutenburg_max_per_row":"","footnotes":""},"categories":[11],"tags":[],"class_list":["post-151337","post","type-post","status-publish","format-standard","has-post-thumbnail","hentry","category-politica"],"_links":{"self":[{"href":"https:\/\/www.caririemacao.com\/1\/wp-json\/wp\/v2\/posts\/151337","targetHints":{"allow":["GET"]}}],"collection":[{"href":"https:\/\/www.caririemacao.com\/1\/wp-json\/wp\/v2\/posts"}],"about":[{"href":"https:\/\/www.caririemacao.com\/1\/wp-json\/wp\/v2\/types\/post"}],"author":[{"embeddable":true,"href":"https:\/\/www.caririemacao.com\/1\/wp-json\/wp\/v2\/users\/1"}],"replies":[{"embeddable":true,"href":"https:\/\/www.caririemacao.com\/1\/wp-json\/wp\/v2\/comments?post=151337"}],"version-history":[{"count":1,"href":"https:\/\/www.caririemacao.com\/1\/wp-json\/wp\/v2\/posts\/151337\/revisions"}],"predecessor-version":[{"id":151338,"href":"https:\/\/www.caririemacao.com\/1\/wp-json\/wp\/v2\/posts\/151337\/revisions\/151338"}],"wp:featuredmedia":[{"embeddable":true,"href":"https:\/\/www.caririemacao.com\/1\/wp-json\/wp\/v2\/media\/109532"}],"wp:attachment":[{"href":"https:\/\/www.caririemacao.com\/1\/wp-json\/wp\/v2\/media?parent=151337"}],"wp:term":[{"taxonomy":"category","embeddable":true,"href":"https:\/\/www.caririemacao.com\/1\/wp-json\/wp\/v2\/categories?post=151337"},{"taxonomy":"post_tag","embeddable":true,"href":"https:\/\/www.caririemacao.com\/1\/wp-json\/wp\/v2\/tags?post=151337"}],"curies":[{"name":"wp","href":"https:\/\/api.w.org\/{rel}","templated":true}]}}