{"id":151342,"date":"2020-02-04T07:52:49","date_gmt":"2020-02-04T10:52:49","guid":{"rendered":"http:\/\/www.caririemacao.com\/1\/?p=151342"},"modified":"2020-02-04T07:52:51","modified_gmt":"2020-02-04T10:52:51","slug":"coronavirus-medida-provisoria-vai-detalhar-quarentena-de-brasileiros-repatriados","status":"publish","type":"post","link":"https:\/\/www.caririemacao.com\/1\/2020\/02\/04\/coronavirus-medida-provisoria-vai-detalhar-quarentena-de-brasileiros-repatriados\/","title":{"rendered":"Coronav\u00edrus: Medida Provis\u00f3ria vai detalhar quarentena de brasileiros repatriados"},"content":{"rendered":"\n<p><br>OMinistro da Sa\u00fade, Luiz Henrique Mandetta, disse hoje (3) que o governo vai aumentar o n\u00edvel de alerta em sa\u00fade no caso do coronav\u00edrus de Perigo Iminente para Emerg\u00eancia em Sa\u00fade P\u00fablica.<\/p>\n\n\n\n<p>Segundo o ministro o reconhecimento de Emerg\u00eancia em Sa\u00fade P\u00fablica vai facilitar o processo de repatriamento de brasileiros que est\u00e3o na cidade de Wuhan, na China, epicentro do surto de coronav\u00edrus.<\/p>\n\n\n\n<p>Mandetta tamb\u00e9m adiantou que o governo deve encaminhar ainda hoje ao Congresso Nacional uma Medida Provis\u00f3ria que vai definir os crit\u00e9rios de quarentena.<\/p>\n\n\n\n<p>\u201cVamos trabalhar para ela sair hoje\u201d, disse.<\/p>\n\n\n\n<p>\u201cVamos fazer uma lei de quarentena para fazer com que todos os itens relacionados a quarentena funcionem interligados\u201d, acrescentou o ministro.<\/p>\n\n\n\n<p>Ele destacou que, apesar de o pa\u00eds n\u00e3o ter confirmado nenhum caso de coronav\u00edrus, o reconhecimento de Emerg\u00eancia em Sa\u00fade P\u00fablica vai dar mais agilidade ao governo para os tr\u00e2mites de repatria\u00e7\u00e3o.<\/p>\n\n\n\n<p>\u201cSem o estado de emerg\u00eancia eu n\u00e3o consigo ter medidas de agilidade para lidar com uma situa\u00e7\u00e3o dessa\u201d, disse.<\/p>\n\n\n\n<p>\u201cO estado de emerg\u00eancia vai servir inclusive para viabilizar essa opera\u00e7\u00e3o de repatriamento que vai ter custos n\u00e3o previstos\u201d, afirmou.<\/p>\n\n\n\n<p>O ministro informou que o governo ainda est\u00e1 finalizando os tr\u00e2mites para trazer os cerca de 40 brasileiros que est\u00e3o em Wuhan, mas que ainda n\u00e3o h\u00e1 data definida para o voo.<\/p>\n\n\n\n<figure class=\"wp-block-image\"><img decoding=\"async\" data-src=\"https:\/\/paraibaonline.com.br\/wp-content\/uploads\/2019\/10\/mandetta.jpeg\" alt=\"Foto: Ag\u00eancia Brasil\" class=\"wp-image-814955 lazyload\" src=\"data:image\/svg+xml;base64,PHN2ZyB3aWR0aD0iMSIgaGVpZ2h0PSIxIiB4bWxucz0iaHR0cDovL3d3dy53My5vcmcvMjAwMC9zdmciPjwvc3ZnPg==\" \/><\/figure>\n\n\n\n<p>Foto: Ag\u00eancia Brasil<\/p>\n\n\n\n<p>Ele acrescentou que a repatria\u00e7\u00e3o se aplica apenas aos brasileiros em Wuhan, j\u00e1 que os que est\u00e3o fora da cidade t\u00eam o direito de de ir e vir e podem sair da China sem o apoio do governo.<\/p>\n\n\n\n<p>\u201cVamos trazer as pessoas que est\u00e3o em Wuhan porque a cidade est\u00e1 em estado de bloqueio determinado pela autoridade de sa\u00fade da China\u201d, disse.<\/p>\n\n\n\n<p>\u201cVamos trazer as pessoas que queiram vir. Em segundo lugar as que estejam em condi\u00e7\u00f5es de vir e em terceiro, que se garanta a prote\u00e7\u00e3o do coletivo com as medidas de sa\u00fade necess\u00e1rias\u201d, afirmou Mandetta.<\/p>\n\n\n\n<p>Opera\u00e7\u00e3o<br>Segundo Mandetta, o governo trabalha com a possibilidade de realizar dois voos. O Minist\u00e9rio da Defesa ficar\u00e1 a cargo dos detalhes do voo e o das Rela\u00e7\u00f5es Exteriores, dos tr\u00e2mites junto ao governo chin\u00eas para a libera\u00e7\u00e3o dos brasileiros.<\/p>\n\n\n\n<p>\u201cO prazo para o repatriamento ser\u00e1 o necess\u00e1rio para que n\u00f3s possamos fazer [o regesso] com a m\u00e1xima seguran\u00e7a, respeitando todos os tr\u00e2mites legais e de sa\u00fade\u201d, disse.<\/p>\n\n\n\n<p>Assim que chegarem ao Brasil, eles dever\u00e3o ser submetidos a quarentena, de acordo com procedimentos internacionais, sob a orienta\u00e7\u00e3o do Minist\u00e9rio da Sa\u00fade. A dura\u00e7\u00e3o da quarentena ser\u00e1 de 18 dias.<\/p>\n\n\n\n<p>Ainda de acordo com o ministro, n\u00e3o h\u00e1 uma defini\u00e7\u00e3o do local onde os brasileiros passar\u00e3o a quarentena.<\/p>\n\n\n\n<p>O ministro citou a possibilidade de a quarentena ser realizada em uma base militar em Anap\u00f3lis (GO), e outra em Florian\u00f3polis, no estado de Santa Catarina.<\/p>\n\n\n\n<p>Reuni\u00e3o<br>O ministro falou com a imprensa ao deixar ums reuni\u00e3o, no Pal\u00e1cio do Planalto, para tratar do assunto na manh\u00e3 desta segunda-feira, 03.<\/p>\n\n\n\n<p>Al\u00e9m de Mandetta, participaram da reuni\u00e3o os titulares da Casa Civil, Onyx Lorenzoni; da Defesa, Fernando Azevedo e Silva; e da Agricultura, Pecu\u00e1ria e Abastecimento, Tereza Cristina.<\/p>\n\n\n\n<p>Ontem (2), o Minist\u00e9rio das Rela\u00e7\u00f5es Exteriores e o Minist\u00e9rio da Defesa anunciaram, por meio de nota, que o governo estudava as medidas necess\u00e1rias para trazer de volta os cidad\u00e3os brasileiros.<\/p>\n\n\n\n<p>Na nota, os minist\u00e9rios informaram que ser\u00e3o trazidos todos os brasileiros que se encontram naquela regi\u00e3o e que manifestarem o desejo de retornar ao pa\u00eds.<\/p>\n\n\n\n<p>Apelo<br>Neste domingo, um grupo de brasileiros que est\u00e1 na China publicou uma carta aberta, no YouTube, pedindo ajuda ao governo brasileiro para retornar ao Brasil. No v\u00eddeo, o grupo afirma que est\u00e1 disposto a passar por quarentena ap\u00f3s chegar ao Brasil.<\/p>\n\n\n\n<p>Hist\u00f3rico do coronav\u00edrus<br>Os coronav\u00edrus s\u00e3o conhecidos desde meados dos anos 1960 e j\u00e1 estiveram associados a outros epis\u00f3dios de alerta internacional nos \u00faltimos anos.<\/p>\n\n\n\n<p>Em 2002, uma variante gerou um surto de s\u00edndrome respirat\u00f3ria aguda grave (Sars) que tamb\u00e9m teve in\u00edcio na China e atingiu mais de 8 mil pessoas.<\/p>\n\n\n\n<p>Em 2012, um novo coronav\u00edrus causou uma s\u00edndrome respirat\u00f3ria no Oriente M\u00e9dio que foi chamada de Mers.<\/p>\n\n\n\n<p>A atual transmiss\u00e3o foi identificada em 7 de janeiro. O escrit\u00f3rio da Organiza\u00e7\u00e3o Mundial da Sa\u00fade (OMS) na China buscava respostas para casos de uma pneumonia de etiologia at\u00e9 ent\u00e3o desconhecida que afetava moradores na cidade de Wuhan.<\/p>\n\n\n\n<p>No dia 11 de janeiro, foi apontado um mercado de frutos do mar como o local de origem da transmiss\u00e3o. O espa\u00e7o foi fechado pelo governo chin\u00eas.<\/p>\n","protected":false},"excerpt":{"rendered":"<p>OMinistro da Sa\u00fade, Luiz Henrique Mandetta, disse hoje (3) que o governo vai aumentar o n\u00edvel de alerta em sa\u00fade no caso do coronav\u00edrus de&hellip; <\/p>\n","protected":false},"author":1,"featured_media":151163,"comment_status":"closed","ping_status":"closed","sticky":false,"template":"","format":"standard","meta":{"sfsi_plus_gutenberg_text_before_share":"","sfsi_plus_gutenberg_show_text_before_share":"","sfsi_plus_gutenberg_icon_type":"","sfsi_plus_gutenberg_icon_alignemt":"","sfsi_plus_gutenburg_max_per_row":"","footnotes":""},"categories":[16],"tags":[],"class_list":["post-151342","post","type-post","status-publish","format-standard","has-post-thumbnail","hentry","category-saude"],"_links":{"self":[{"href":"https:\/\/www.caririemacao.com\/1\/wp-json\/wp\/v2\/posts\/151342","targetHints":{"allow":["GET"]}}],"collection":[{"href":"https:\/\/www.caririemacao.com\/1\/wp-json\/wp\/v2\/posts"}],"about":[{"href":"https:\/\/www.caririemacao.com\/1\/wp-json\/wp\/v2\/types\/post"}],"author":[{"embeddable":true,"href":"https:\/\/www.caririemacao.com\/1\/wp-json\/wp\/v2\/users\/1"}],"replies":[{"embeddable":true,"href":"https:\/\/www.caririemacao.com\/1\/wp-json\/wp\/v2\/comments?post=151342"}],"version-history":[{"count":1,"href":"https:\/\/www.caririemacao.com\/1\/wp-json\/wp\/v2\/posts\/151342\/revisions"}],"predecessor-version":[{"id":151343,"href":"https:\/\/www.caririemacao.com\/1\/wp-json\/wp\/v2\/posts\/151342\/revisions\/151343"}],"wp:featuredmedia":[{"embeddable":true,"href":"https:\/\/www.caririemacao.com\/1\/wp-json\/wp\/v2\/media\/151163"}],"wp:attachment":[{"href":"https:\/\/www.caririemacao.com\/1\/wp-json\/wp\/v2\/media?parent=151342"}],"wp:term":[{"taxonomy":"category","embeddable":true,"href":"https:\/\/www.caririemacao.com\/1\/wp-json\/wp\/v2\/categories?post=151342"},{"taxonomy":"post_tag","embeddable":true,"href":"https:\/\/www.caririemacao.com\/1\/wp-json\/wp\/v2\/tags?post=151342"}],"curies":[{"name":"wp","href":"https:\/\/api.w.org\/{rel}","templated":true}]}}