{"id":151347,"date":"2020-02-04T07:53:47","date_gmt":"2020-02-04T10:53:47","guid":{"rendered":"http:\/\/www.caririemacao.com\/1\/?p=151347"},"modified":"2020-02-04T07:53:49","modified_gmt":"2020-02-04T10:53:49","slug":"ministro-marca-data-para-audiencias-publicas-sobre-juiz-de-garantias","status":"publish","type":"post","link":"https:\/\/www.caririemacao.com\/1\/2020\/02\/04\/ministro-marca-data-para-audiencias-publicas-sobre-juiz-de-garantias\/","title":{"rendered":"Ministro marca data para audi\u00eancias p\u00fablicas sobre juiz de garantias"},"content":{"rendered":"\n<p>O ministro do Supremo Tribunal Federal (STF) Luiz Fux marcou para 16 e 30 de mar\u00e7o as audi\u00eancias p\u00fablicas sobre a implementa\u00e7\u00e3o do juiz de garantias, medida prevista no pacote anticrime aprovado no ano passado pelo Congresso, mas cuja ado\u00e7\u00e3o encontra-se suspensa indefinidamente por for\u00e7a de uma liminar (decis\u00e3o provis\u00f3ria) do pr\u00f3prio Fux.<\/p>\n\n\n\n<p>Fux \u00e9 o relator de quatro a\u00e7\u00f5es diretas de inconstitucionalidade sobre o assunto. Em 22 de janeiro, ele anulou uma liminar anterior, que havia sido proferida durante o recesso judici\u00e1rio pelo presidente do Supremo, ministro Dias Toffoli.<\/p>\n\n\n\n<p>Nessa primeira decis\u00e3o, a implementa\u00e7\u00e3o do juiz de garantias estava prevista para ocorrer em at\u00e9 seis meses.<\/p>\n\n\n\n<p>Na condi\u00e7\u00e3o de relator, Fux atendeu a um apelo da Associa\u00e7\u00e3o Nacional dos Membros do Minist\u00e9rio P\u00fablico (Conamp), para quem a implementa\u00e7\u00e3o do juiz de garantias s\u00f3 poderia se dar ap\u00f3s a constitucionalidade da medida ser julgada no plen\u00e1rio do Supremo, o que n\u00e3o tem data para acontecer.<\/p>\n\n\n\n<p>No despacho em que marcou as audi\u00eancias, Fux argumenta que o objetivo \u00e9 \u201cconhecer a opini\u00e3o e receber contribui\u00e7\u00f5es t\u00e9cnicas e jur\u00eddicas de membros do Poder P\u00fablico e da sociedade brasileira\u201d.<\/p>\n\n\n\n<p>Entidades e indiv\u00edduos que queiram participar devem se manifestar pelo e-mail&nbsp;juizdegarantias@stf.jus.br&nbsp;at\u00e9 20 de fevereiro.<\/p>\n","protected":false},"excerpt":{"rendered":"<p>O ministro do Supremo Tribunal Federal (STF) Luiz Fux marcou para 16 e 30 de mar\u00e7o as audi\u00eancias p\u00fablicas sobre a implementa\u00e7\u00e3o do juiz de&hellip; <\/p>\n","protected":false},"author":1,"featured_media":40040,"comment_status":"closed","ping_status":"closed","sticky":false,"template":"","format":"standard","meta":{"sfsi_plus_gutenberg_text_before_share":"","sfsi_plus_gutenberg_show_text_before_share":"","sfsi_plus_gutenberg_icon_type":"","sfsi_plus_gutenberg_icon_alignemt":"","sfsi_plus_gutenburg_max_per_row":"","footnotes":""},"categories":[11],"tags":[],"class_list":["post-151347","post","type-post","status-publish","format-standard","has-post-thumbnail","hentry","category-politica"],"_links":{"self":[{"href":"https:\/\/www.caririemacao.com\/1\/wp-json\/wp\/v2\/posts\/151347","targetHints":{"allow":["GET"]}}],"collection":[{"href":"https:\/\/www.caririemacao.com\/1\/wp-json\/wp\/v2\/posts"}],"about":[{"href":"https:\/\/www.caririemacao.com\/1\/wp-json\/wp\/v2\/types\/post"}],"author":[{"embeddable":true,"href":"https:\/\/www.caririemacao.com\/1\/wp-json\/wp\/v2\/users\/1"}],"replies":[{"embeddable":true,"href":"https:\/\/www.caririemacao.com\/1\/wp-json\/wp\/v2\/comments?post=151347"}],"version-history":[{"count":1,"href":"https:\/\/www.caririemacao.com\/1\/wp-json\/wp\/v2\/posts\/151347\/revisions"}],"predecessor-version":[{"id":151348,"href":"https:\/\/www.caririemacao.com\/1\/wp-json\/wp\/v2\/posts\/151347\/revisions\/151348"}],"wp:featuredmedia":[{"embeddable":true,"href":"https:\/\/www.caririemacao.com\/1\/wp-json\/wp\/v2\/media\/40040"}],"wp:attachment":[{"href":"https:\/\/www.caririemacao.com\/1\/wp-json\/wp\/v2\/media?parent=151347"}],"wp:term":[{"taxonomy":"category","embeddable":true,"href":"https:\/\/www.caririemacao.com\/1\/wp-json\/wp\/v2\/categories?post=151347"},{"taxonomy":"post_tag","embeddable":true,"href":"https:\/\/www.caririemacao.com\/1\/wp-json\/wp\/v2\/tags?post=151347"}],"curies":[{"name":"wp","href":"https:\/\/api.w.org\/{rel}","templated":true}]}}