{"id":151366,"date":"2020-02-04T08:02:18","date_gmt":"2020-02-04T11:02:18","guid":{"rendered":"http:\/\/www.caririemacao.com\/1\/?p=151366"},"modified":"2020-02-04T08:02:20","modified_gmt":"2020-02-04T11:02:20","slug":"delator-revela-ter-subornado-conselheiro-do-tce-para-aprovacao-de-contas-do-governo","status":"publish","type":"post","link":"https:\/\/www.caririemacao.com\/1\/2020\/02\/04\/delator-revela-ter-subornado-conselheiro-do-tce-para-aprovacao-de-contas-do-governo\/","title":{"rendered":"Delator revela ter subornado conselheiro do TCE para aprova\u00e7\u00e3o de contas do governo"},"content":{"rendered":"\n<p>Um acordo envolvendo mais de R$ 200 mil teria sido negociado pelo ex-procurador Gilberto Carneiro com o conselheiro do Tribunal de Contas do Estado (TCE), Arthur Cunha Lima, para que as contas do governo da Para\u00edba \u2013 referente ao ano de 2012, na gest\u00e3o do ent\u00e3o governador Ricardo Coutinho (PSB) \u2013 fossem aprovadas na Corte.<\/p>\n\n\n\n<p>Foi isso o que revelou um novo \u00e1udio divulgado na tarde desta segunda-feira (3) por uma emissora de r\u00e1dio de Jo\u00e3o Pessoa.<\/p>\n\n\n\n<p>O \u00e1udio \u00e9 mais um dos grampos do empres\u00e1rio Daniel Gomes da Silva, representante da filial da Cruz Vermelha do Rio Grande do Sul, com o ex-governador Ricardo Coutinho.<\/p>\n\n\n\n<p>Na conversa, Daniel menciona que o contrato teria sido firmado por interm\u00e9dio do advogado Diogo Mariz.<\/p>\n\n\n\n<p>H\u00e1 ainda cita\u00e7\u00e3o ao conselheiro Nominando Diniz, como sendo uma \u201cinc\u00f3gnita\u201d.<\/p>\n\n\n\n<p>\u201cO problema dele eu acho que \u00e9 outro. Eu acho que \u00e9 mais a vaidade, \u00e9 ego, n\u00e3o sei nem se \u00e9 o dinheiro n\u00e3o. Eu acho que \u00e9 a vaidade. Mas enfim, vai resolver\u201d.<\/p>\n\n\n\n<p>J\u00e1 em rela\u00e7\u00e3o ao conselheiro Fernando Cat\u00e3o, Daniel dispara que ele \u201cn\u00e3o tem jeito, n\u00e3o\u201d.<\/p>\n\n\n\n<p>Ou\u00e7a na \u00edntegra:<\/p>\n\n\n\n<figure><iframe data-src=\"https:\/\/w.soundcloud.com\/player\/?visual=true&amp;url=https%3A%2F%2Fapi.soundcloud.com%2Ftracks%2F754577215&amp;show_artwork=true&amp;maxwidth=500&amp;maxheight=750&amp;dnt=1\" src=\"data:image\/svg+xml;base64,PHN2ZyB3aWR0aD0iMSIgaGVpZ2h0PSIxIiB4bWxucz0iaHR0cDovL3d3dy53My5vcmcvMjAwMC9zdmciPjwvc3ZnPg==\" class=\"lazyload\" data-load-mode=\"1\"><\/iframe><\/figure>\n\n\n\n<p>Para\u00edba Online <\/p>\n","protected":false},"excerpt":{"rendered":"<p>Um acordo envolvendo mais de R$ 200 mil teria sido negociado pelo ex-procurador Gilberto Carneiro com o conselheiro do Tribunal de Contas do Estado (TCE),&hellip; <\/p>\n","protected":false},"author":1,"featured_media":151368,"comment_status":"closed","ping_status":"closed","sticky":false,"template":"","format":"standard","meta":{"sfsi_plus_gutenberg_text_before_share":"","sfsi_plus_gutenberg_show_text_before_share":"","sfsi_plus_gutenberg_icon_type":"","sfsi_plus_gutenberg_icon_alignemt":"","sfsi_plus_gutenburg_max_per_row":"","footnotes":""},"categories":[11],"tags":[],"class_list":["post-151366","post","type-post","status-publish","format-standard","has-post-thumbnail","hentry","category-politica"],"_links":{"self":[{"href":"https:\/\/www.caririemacao.com\/1\/wp-json\/wp\/v2\/posts\/151366","targetHints":{"allow":["GET"]}}],"collection":[{"href":"https:\/\/www.caririemacao.com\/1\/wp-json\/wp\/v2\/posts"}],"about":[{"href":"https:\/\/www.caririemacao.com\/1\/wp-json\/wp\/v2\/types\/post"}],"author":[{"embeddable":true,"href":"https:\/\/www.caririemacao.com\/1\/wp-json\/wp\/v2\/users\/1"}],"replies":[{"embeddable":true,"href":"https:\/\/www.caririemacao.com\/1\/wp-json\/wp\/v2\/comments?post=151366"}],"version-history":[{"count":1,"href":"https:\/\/www.caririemacao.com\/1\/wp-json\/wp\/v2\/posts\/151366\/revisions"}],"predecessor-version":[{"id":151369,"href":"https:\/\/www.caririemacao.com\/1\/wp-json\/wp\/v2\/posts\/151366\/revisions\/151369"}],"wp:featuredmedia":[{"embeddable":true,"href":"https:\/\/www.caririemacao.com\/1\/wp-json\/wp\/v2\/media\/151368"}],"wp:attachment":[{"href":"https:\/\/www.caririemacao.com\/1\/wp-json\/wp\/v2\/media?parent=151366"}],"wp:term":[{"taxonomy":"category","embeddable":true,"href":"https:\/\/www.caririemacao.com\/1\/wp-json\/wp\/v2\/categories?post=151366"},{"taxonomy":"post_tag","embeddable":true,"href":"https:\/\/www.caririemacao.com\/1\/wp-json\/wp\/v2\/tags?post=151366"}],"curies":[{"name":"wp","href":"https:\/\/api.w.org\/{rel}","templated":true}]}}