{"id":151372,"date":"2020-02-04T08:04:21","date_gmt":"2020-02-04T11:04:21","guid":{"rendered":"http:\/\/www.caririemacao.com\/1\/?p=151372"},"modified":"2020-02-04T08:04:23","modified_gmt":"2020-02-04T11:04:23","slug":"saiba-como-aumentar-a-protecao-de-seus-dados-no-facebook","status":"publish","type":"post","link":"https:\/\/www.caririemacao.com\/1\/2020\/02\/04\/saiba-como-aumentar-a-protecao-de-seus-dados-no-facebook\/","title":{"rendered":"Saiba como aumentar a prote\u00e7\u00e3o de seus dados no Facebook"},"content":{"rendered":"\n<p><br>O Facebook anunciou mudan\u00e7as em suas configura\u00e7\u00f5es de privacidade para permitir que os usu\u00e1rios aumentem a prote\u00e7\u00e3o de seus dados.<\/p>\n\n\n\n<p>Entre as novidades est\u00e3o a possibilidade de \u201climpar\u201d os dados que a plataforma compartilha com terceiros, al\u00e9m de novas configura\u00e7\u00f5es de perfil e avisos de login.<\/p>\n\n\n\n<p>As medidas foram divulgadas por ocasi\u00e3o do Dia Internacional da Privacidade de Dados, celebrado ontem (28). O Facebook vem sendo criticado nos \u00faltimos anos pelo uso que faz das informa\u00e7\u00f5es de seus usu\u00e1rios.<\/p>\n\n\n\n<p>O emprego de dados de dezenas de milh\u00f5es de pessoas para fins de manipula\u00e7\u00e3o de elei\u00e7\u00f5es e processos pela empresa Cambridge Analytica colocou a empresa em evid\u00eancia.<\/p>\n\n\n\n<figure class=\"wp-block-image\"><img decoding=\"async\" data-src=\"https:\/\/paraibaonline.com.br\/wp-content\/uploads\/2019\/12\/facebook_1_0.jpg\" alt=\"Foto: Divulga\u00e7\u00e3o\" class=\"wp-image-826687 lazyload\" src=\"data:image\/svg+xml;base64,PHN2ZyB3aWR0aD0iMSIgaGVpZ2h0PSIxIiB4bWxucz0iaHR0cDovL3d3dy53My5vcmcvMjAwMC9zdmciPjwvc3ZnPg==\" \/><\/figure>\n\n\n\n<p>Foto: Divulga\u00e7\u00e3o<\/p>\n\n\n\n<p>Com o recurso \u201cAtividade Fora do Facebook\u201d, o usu\u00e1rio pode configurar as informa\u00e7\u00f5es que empresas e institui\u00e7\u00f5es compartilham com a plataforma, como as visitas realizadas aos sites delas.<\/p>\n\n\n\n<p>O usu\u00e1rio pode clicar em \u201cgerenciar sua atividade fora do Facebook\u201d e optar pela exclus\u00e3o dos dados \u2013 ou \u201cdesconectar o hist\u00f3rico\u201d na linguagem da plataforma.<\/p>\n\n\n\n<p>Ao configurar esse recurso como teste durante a reda\u00e7\u00e3o desta mat\u00e9ria, o rep\u00f3rter descobriu que 262 aplicativos e sites enviavam dados para o Facebook.<\/p>\n\n\n\n<p>Contudo, isso n\u00e3o impede o compartilhamento de dados por terceiros, que continuar\u00e3o sendo procedidos \u201cpara fins de mensura\u00e7\u00e3o e para fazer melhorias em nossos sistemas de an\u00fancios, mas estar\u00e1 desconectada da sua conta\u201d, explica a p\u00e1gina do mecanismo.<\/p>\n\n\n\n<p>An\u00fancios continuar\u00e3o sendo exibidos com base nas prefer\u00eancias e na atividade do usu\u00e1rio na rede social.<\/p>\n\n\n\n<p><strong>Privacidade<\/strong><\/p>\n\n\n\n<p>Na ferramenta de \u201cVerifica\u00e7\u00e3o de Privacidade\u201d, na se\u00e7\u00e3o \u201cconfigura\u00e7\u00e3o de dados\u201d, o usu\u00e1rio pode gerir as informa\u00e7\u00f5es disponibilizadas pelo Facebook a terceiros.<\/p>\n\n\n\n<p>Esse acesso ocorre por diversas ferramentas da plataforma, como o login utilizando a conta do FB.<\/p>\n\n\n\n<p>\u00c9 poss\u00edvel definir quais apps e sites podem manter este acesso, ou retir\u00e1-los da lista.<\/p>\n\n\n\n<p>Na se\u00e7\u00e3o \u201cquem pode ver o que voc\u00ea compartilha\u201d, uma das fun\u00e7\u00f5es \u00e9 definir o grau de visibilidade das informa\u00e7\u00f5es do usu\u00e1rio.<\/p>\n\n\n\n<p>Registros como telefone, e-mail, escola e cidade, al\u00e9m das pr\u00f3prias publica\u00e7\u00f5es na plataforma, podem ser ajustados para acesso p\u00fablico, por amigos, por amigos dos amigos ou apenas pelo pr\u00f3prio usu\u00e1rio.<\/p>\n\n\n\n<p>\u00c9 poss\u00edvel bloquear e gerir a lista de pessoas colocadas em cada uma dessas listas.<\/p>\n\n\n\n<p>Por meio da nova ferramenta, o usu\u00e1rio pode ainda controlar quem pode lhe enviar solicita\u00e7\u00f5es de amizade, se qualquer pessoa na rede social ou apenas amigos de amigos.<\/p>\n\n\n\n<p><strong>Mudan\u00e7as<\/strong><\/p>\n\n\n\n<p>Em mensagem publicada no site da companhia, o diretor-executivo, Mark Zuckerberg, afirmou que o intuito das mudan\u00e7as \u00e9 fazer com que o usu\u00e1rio \u201cpossa entender e gerenciar facilmente suas informa\u00e7\u00f5es, por isso fortalecer seus controles de privacidade \u00e9 t\u00e3o importante\u201d.<\/p>\n\n\n\n<figure class=\"wp-block-image\"><img decoding=\"async\" data-src=\"https:\/\/paraibaonline.com.br\/wp-content\/uploads\/2020\/01\/print_facebook_privacidade-567x281.jpg\" alt=\"Para\u00edba Online \u2022 Saiba como aumentar a prote\u00e7\u00e3o de seus dados no Facebook\" class=\"wp-image-833735 lazyload\" src=\"data:image\/svg+xml;base64,PHN2ZyB3aWR0aD0iMSIgaGVpZ2h0PSIxIiB4bWxucz0iaHR0cDovL3d3dy53My5vcmcvMjAwMC9zdmciPjwvc3ZnPg==\" style=\"--smush-placeholder-width: 567px; --smush-placeholder-aspect-ratio: 567\/281;\" \/><\/figure>\n\n\n\n<p>Reprodu\u00e7\u00e3o\/Ag\u00eancia Brasil<\/p>\n\n\n\n<p>Para a organiza\u00e7\u00e3o internacional de defesa da privacidade Eletronic Frontier Foundation (EFF), o an\u00fancio foi um \u201cbom passo\u201d, mas uma \u201cmedida incompleta\u201d, tanto pelo desconhecimento da popula\u00e7\u00e3o quanto por n\u00e3o cessar a coleta intensa de dados dos usu\u00e1rios.<\/p>\n\n\n\n<p>\u201cN\u00f3s sabemos que usu\u00e1rios dificilmente v\u00e3o ajustar suas configura\u00e7\u00f5es<\/p>\n\n\n\n<p>Nos Estados Unidos, 75% dos adultos n\u00e3o conhecem as prefer\u00eancias de an\u00fancio.<\/p>\n\n\n\n<p>A ferramenta n\u00e3o cobre todas as formas pelas quais o Facebook coleta e monetiza os dados dos usu\u00e1rios.<\/p>\n\n\n\n<p>Estes continuar\u00e3o sendo objeto de an\u00fancios segmentados\u201d, pondera a coordenadora de pesquisa em direitos dos consumidores e vigil\u00e2ncia da entidade, Gennie Gebhart.<\/p>\n","protected":false},"excerpt":{"rendered":"<p>O Facebook anunciou mudan\u00e7as em suas configura\u00e7\u00f5es de privacidade para permitir que os usu\u00e1rios aumentem a prote\u00e7\u00e3o de seus dados. Entre as novidades est\u00e3o a&hellip; <\/p>\n","protected":false},"author":1,"featured_media":88085,"comment_status":"closed","ping_status":"closed","sticky":false,"template":"","format":"standard","meta":{"sfsi_plus_gutenberg_text_before_share":"","sfsi_plus_gutenberg_show_text_before_share":"","sfsi_plus_gutenberg_icon_type":"","sfsi_plus_gutenberg_icon_alignemt":"","sfsi_plus_gutenburg_max_per_row":"","footnotes":""},"categories":[50,2],"tags":[],"class_list":["post-151372","post","type-post","status-publish","format-standard","has-post-thumbnail","hentry","category-destaque","category-geral"],"_links":{"self":[{"href":"https:\/\/www.caririemacao.com\/1\/wp-json\/wp\/v2\/posts\/151372","targetHints":{"allow":["GET"]}}],"collection":[{"href":"https:\/\/www.caririemacao.com\/1\/wp-json\/wp\/v2\/posts"}],"about":[{"href":"https:\/\/www.caririemacao.com\/1\/wp-json\/wp\/v2\/types\/post"}],"author":[{"embeddable":true,"href":"https:\/\/www.caririemacao.com\/1\/wp-json\/wp\/v2\/users\/1"}],"replies":[{"embeddable":true,"href":"https:\/\/www.caririemacao.com\/1\/wp-json\/wp\/v2\/comments?post=151372"}],"version-history":[{"count":1,"href":"https:\/\/www.caririemacao.com\/1\/wp-json\/wp\/v2\/posts\/151372\/revisions"}],"predecessor-version":[{"id":151373,"href":"https:\/\/www.caririemacao.com\/1\/wp-json\/wp\/v2\/posts\/151372\/revisions\/151373"}],"wp:featuredmedia":[{"embeddable":true,"href":"https:\/\/www.caririemacao.com\/1\/wp-json\/wp\/v2\/media\/88085"}],"wp:attachment":[{"href":"https:\/\/www.caririemacao.com\/1\/wp-json\/wp\/v2\/media?parent=151372"}],"wp:term":[{"taxonomy":"category","embeddable":true,"href":"https:\/\/www.caririemacao.com\/1\/wp-json\/wp\/v2\/categories?post=151372"},{"taxonomy":"post_tag","embeddable":true,"href":"https:\/\/www.caririemacao.com\/1\/wp-json\/wp\/v2\/tags?post=151372"}],"curies":[{"name":"wp","href":"https:\/\/api.w.org\/{rel}","templated":true}]}}