{"id":151382,"date":"2020-02-04T08:13:14","date_gmt":"2020-02-04T11:13:14","guid":{"rendered":"http:\/\/www.caririemacao.com\/1\/?p=151382"},"modified":"2020-02-04T08:13:16","modified_gmt":"2020-02-04T11:13:16","slug":"brasil-monitora-14-casos-suspeitos-de-coronavirus","status":"publish","type":"post","link":"https:\/\/www.caririemacao.com\/1\/2020\/02\/04\/brasil-monitora-14-casos-suspeitos-de-coronavirus\/","title":{"rendered":"Brasil monitora 14 casos suspeitos de coronav\u00edrus"},"content":{"rendered":"\n<p>Boletim do Minist\u00e9rio da Sa\u00fade mostra que 14 pacientes s\u00e3o monitorados no Brasil por suspeita de terem sido infectados por coronav\u00edrus. Antes do meio-dia, 16 casos eram considerados suspeitos, mas dois&nbsp;foram exclu\u00eddos. \u201cA tend\u00eancia \u00e9 que com o volume de casos vamos conseguir descartar os casos cada vez mais rapidamente\u201d, afirmou o ministro da Sa\u00fade, Luiz Henrique Mandetta, em entrevista coletiva \u00e0 imprensa na tarde de hoje (3).<\/p>\n\n\n\n<p>Segundo Mandetta, o pa\u00eds vai&nbsp;<a href=\"http:\/\/agenciabrasil.ebc.com.br\/saude\/noticia\/2020-02\/coronavirus-mp-vai-detalhar-quarentena-de-brasileiros-repatriados\">decretar estado de emerg\u00eancia p\u00fablica quanto ao coronav\u00edrus<\/a>, mesmo sem a confirma\u00e7\u00e3o de casos. Isso porque, segundo o ministro, a medida \u00e9 indispens\u00e1vel para a repatria\u00e7\u00e3o dos 40 brasileiros que est\u00e3o na cidade de Wuhan, na prov\u00edncia de Hubei, regi\u00e3o central da China.<\/p>\n\n\n\n<p>At\u00e9 o momento, o ministro descartou barrar a entrada de chineses ou de viajantes vindos da China no Brasil, como foi feito pelos Estados Unidos. \u201cEssa \u00e9 uma medida in\u00f3cua, sem nenhuma efic\u00e1cia comprovada\u201d, argumentou.<\/p>\n\n\n\n<h2 class=\"wp-block-heading\">Quarentena<\/h2>\n\n\n\n<p>O ministro revelou que o protocolo de quarentena para os brasileiros vindos de Wuhan ser\u00e1 mais longo do que o previsto. \u201cA quarentena ser\u00e1 de 18 dias. S\u00e3o quatro&nbsp;dias de margem de seguran\u00e7a. Ainda estamos organizando a log\u00edstica. A opera\u00e7\u00e3o de busca ser\u00e1 feita pelo Minist\u00e9rio da Defesa. A articula\u00e7\u00e3o com a China \u00e9 do Minist\u00e9rio das Rela\u00e7\u00f5es Exteriores. Mas haver\u00e1 um exame admissional feito pelo Minist\u00e9rio da Sa\u00fade para o embarque. Todo o procedimento de biosseguran\u00e7a ser\u00e1 preparado: enfermeiros, plantonistas, m\u00e9dicos e&nbsp;quartos individuais. At\u00e9 as necessidades especiais dos pacientes, como os diab\u00e9ticos, por exemplo, est\u00e3o sendo discutidas pela equipe t\u00e9cnica\u201d, explicou.<\/p>\n\n\n\n<p>O Minist\u00e9rio da Defesa cogita usar a base de An\u00e1polis (GO) ou a de Florian\u00f3polis para a quarentena.<\/p>\n\n\n\n<p>Brasileiros que apresentem sintomas do coronav\u00edrus durante a evacua\u00e7\u00e3o n\u00e3o embarcar\u00e3o no transporte de volta para o Brasil. \u201cTodas as pessoas que apresentarem sintomas n\u00e3o ser\u00e3o removidas. Apenas pessoas que n\u00e3o apresentarem sintomas v\u00e3o embarcar. Vamos manter a seguran\u00e7a dos outros brasileiros\u201d disse Mandetta.<\/p>\n\n\n\n<h2 class=\"wp-block-heading\">Medida provis\u00f3ria<\/h2>\n\n\n\n<p>Segundo o ministro, o texto que institui os protocolos de seguran\u00e7a sanit\u00e1ria no Brasil est\u00e1 sendo redigido&nbsp;e deve ficar pronto \u201co mais r\u00e1pido poss\u00edvel\u201d. A medida provis\u00f3ria consolidar\u00e1 instrumentos que est\u00e3o \u201cfragmentados, espalhados por leis antigas, portarias e regula\u00e7\u00f5es\u201d. \u201cEra tudo muito pontual. Vamos consolidar, retirar o que n\u00e3o serve mais, e que sirva para todas as condi\u00e7\u00f5es ter esse marco legal. Isso era uma falha do nosso sistema [sanit\u00e1rio]\u201d.<\/p>\n\n\n\n<p>\u201cA lei trar\u00e1 todos os detalhes t\u00e9cnicos da quarentena. Ela vai harmonizar e colocar em um patamar de igualdade com a legisla\u00e7\u00e3o de outros pa\u00edses que possuem mecanismos similares. Temos que aprender com o que est\u00e1 acontecendo e nos preparar, porque isso pode acontecer no nosso quintal\u201d, complementou.<\/p>\n\n\n\n<h2 class=\"wp-block-heading\">Coronav\u00edrus no mundo<\/h2>\n\n\n\n<p>Os Estados Unidos j\u00e1 confirmaram 11 casos de coronav\u00edrus. As Filipinas confirmaram o primeiro \u00f3bito &#8211; um homem de 44 anos, natural de Wuhan, que viajou infectado. A China contabiliza, no momento da reportagem, 17.493 casos da doen\u00e7a, com 362 \u00f3bitos e 536 pessoas que estiveram contaminadas e que n\u00e3o apresentam mais os sintomas do coronav\u00edrus.<\/p>\n\n\n\n<p>Hua Chunying, porta-voz do minist\u00e9rio Chin\u00eas de Assuntos Internacionais, acusou o governo americano de \u201cn\u00e3o prover assist\u00eancia substancial \u00e0 China\u201d, e de \u201cespalhar medo e um mau exemplo\u201d por ter institu\u00eddo a suspens\u00e3o total da entrada de viajantes chineses em territ\u00f3rio americano. Em contrapartida, o Departamento de Estado norte-americano elevou o estado de emerg\u00eancia do coronav\u00edrus para n\u00edvel 4 \u2013&nbsp;o mais alto \u2013, o que significa que a regi\u00e3o de foco da doen\u00e7a, a cidade de Wuhan, na prov\u00edncia de Hubei, deve ser absolutamente evitada por cidad\u00e3os americanos. Visitantes estrangeiros que estiveram na China nos \u00faltimos 14 dias tamb\u00e9m n\u00e3o ter\u00e3o a entrada aprovada em solo norte-americano.<\/p>\n\n\n\n<figure class=\"wp-block-image\"><img decoding=\"async\" data-src=\"http:\/\/imagens.ebc.com.br\/mPuI0Y7Bid3JNfXSkYi4xqX1G0k=\/754x0\/smart\/http:\/\/agenciabrasil.ebc.com.br\/sites\/default\/files\/thumbnails\/image\/info_coronavirus_31jan.png?itok=Z2trQiry\" alt=\"Confira os principais sintomas e os cuidados para evitar o coronav\u00edrus.\" src=\"data:image\/svg+xml;base64,PHN2ZyB3aWR0aD0iMSIgaGVpZ2h0PSIxIiB4bWxucz0iaHR0cDovL3d3dy53My5vcmcvMjAwMC9zdmciPjwvc3ZnPg==\" class=\"lazyload\" \/><\/figure>\n\n\n\n<p>EBC<\/p>\n","protected":false},"excerpt":{"rendered":"<p>Boletim do Minist\u00e9rio da Sa\u00fade mostra que 14 pacientes s\u00e3o monitorados no Brasil por suspeita de terem sido infectados por coronav\u00edrus. Antes do meio-dia, 16&hellip; <\/p>\n","protected":false},"author":1,"featured_media":151383,"comment_status":"closed","ping_status":"closed","sticky":false,"template":"","format":"standard","meta":{"sfsi_plus_gutenberg_text_before_share":"","sfsi_plus_gutenberg_show_text_before_share":"","sfsi_plus_gutenberg_icon_type":"","sfsi_plus_gutenberg_icon_alignemt":"","sfsi_plus_gutenburg_max_per_row":"","footnotes":""},"categories":[50,16],"tags":[],"class_list":["post-151382","post","type-post","status-publish","format-standard","has-post-thumbnail","hentry","category-destaque","category-saude"],"_links":{"self":[{"href":"https:\/\/www.caririemacao.com\/1\/wp-json\/wp\/v2\/posts\/151382","targetHints":{"allow":["GET"]}}],"collection":[{"href":"https:\/\/www.caririemacao.com\/1\/wp-json\/wp\/v2\/posts"}],"about":[{"href":"https:\/\/www.caririemacao.com\/1\/wp-json\/wp\/v2\/types\/post"}],"author":[{"embeddable":true,"href":"https:\/\/www.caririemacao.com\/1\/wp-json\/wp\/v2\/users\/1"}],"replies":[{"embeddable":true,"href":"https:\/\/www.caririemacao.com\/1\/wp-json\/wp\/v2\/comments?post=151382"}],"version-history":[{"count":1,"href":"https:\/\/www.caririemacao.com\/1\/wp-json\/wp\/v2\/posts\/151382\/revisions"}],"predecessor-version":[{"id":151384,"href":"https:\/\/www.caririemacao.com\/1\/wp-json\/wp\/v2\/posts\/151382\/revisions\/151384"}],"wp:featuredmedia":[{"embeddable":true,"href":"https:\/\/www.caririemacao.com\/1\/wp-json\/wp\/v2\/media\/151383"}],"wp:attachment":[{"href":"https:\/\/www.caririemacao.com\/1\/wp-json\/wp\/v2\/media?parent=151382"}],"wp:term":[{"taxonomy":"category","embeddable":true,"href":"https:\/\/www.caririemacao.com\/1\/wp-json\/wp\/v2\/categories?post=151382"},{"taxonomy":"post_tag","embeddable":true,"href":"https:\/\/www.caririemacao.com\/1\/wp-json\/wp\/v2\/tags?post=151382"}],"curies":[{"name":"wp","href":"https:\/\/api.w.org\/{rel}","templated":true}]}}