{"id":151387,"date":"2020-02-04T08:14:39","date_gmt":"2020-02-04T11:14:39","guid":{"rendered":"http:\/\/www.caririemacao.com\/1\/?p=151387"},"modified":"2020-02-04T08:14:41","modified_gmt":"2020-02-04T11:14:41","slug":"quase-2-milhoes-de-criancas-e-adolescentes-correm-o-risco-de-nao-voltar-as-aulas-em-2020-alerta-unicef","status":"publish","type":"post","link":"https:\/\/www.caririemacao.com\/1\/2020\/02\/04\/quase-2-milhoes-de-criancas-e-adolescentes-correm-o-risco-de-nao-voltar-as-aulas-em-2020-alerta-unicef\/","title":{"rendered":"Quase 2 milh\u00f5es de crian\u00e7as e adolescentes correm o risco de n\u00e3o voltar \u00e0s aulas em 2020, alerta UNICEF"},"content":{"rendered":"\n<p>O Nacional Jovem desta quinta-feira (30) fala sobre o risco que&nbsp;quase 2 milh\u00f5es de crian\u00e7as e adolescentes correm de n\u00e3o voltar \u00e0s aulas em 2020 e sobre o&nbsp;<a href=\"https:\/\/buscaativaescolar.org.br\/\">programa Busca Ativa Escolar<\/a>, do Fundo das Na\u00e7\u00f5es Unidas para a Inf\u00e2ncia (UNICEF). Sobre este assunto, Edil\u00e9ia Martins conversou com o&nbsp;oficial de Educa\u00e7\u00e3o do&nbsp;UNICEF,&nbsp;\u00c2ngelo Damas.&nbsp;<\/p>\n\n\n\n<p>Neste come\u00e7o do ano, o&nbsp;UNICEF&nbsp;faz um apelo para que todos os munic\u00edpios realizem a Busca Ativa Escolar: ou seja, unam as equipes da administra\u00e7\u00e3o p\u00fablica e da sociedade civil para ir de casa em casa encontrar e levar para a escola todos os estudantes que est\u00e3o fora dela.&nbsp;A boa not\u00edcia \u00e9 que mais de 3 mil munic\u00edpios brasileiros j\u00e1 est\u00e3o engajados nesse esfor\u00e7o.&nbsp;<\/p>\n\n\n\n<p>Segundo ele, &#8220;essas crian\u00e7as e adolescentes nunca frequentaram a escola ou abandonaram ao longo de sua vida escolar. Portanto, nesse per\u00edodo de volta \u00e0s aulas a gente est\u00e1 alertando tanto governos municipais como governos estaduais sobre esse 1.9 milh\u00f5es de crian\u00e7as que est\u00e3o fora da escola. Que se deve, principalmente, a reprova\u00e7\u00e3o e ao abandono escolar&#8221;, opina \u00c2ngelo, ao comentar tamb\u00e9m sobre o programa Busca Ativa Escolar, que \u00e9 nada mais nada menos, do que uma plataforma digital com estrat\u00e9gias para que munic\u00edpios consigam ir atr\u00e1s dessas crian\u00e7as.&nbsp;<\/p>\n\n\n\n<p>Para ele, a escola \u00e9 fator de prote\u00e7\u00e3o \u00e0 crian\u00e7a. &#8220;Ela est\u00e1 protegida da viol\u00eancia, das drogas, de diversas situa\u00e7\u00f5es que impactam o dia a dia dessa crian\u00e7a. Existe uma premissa do UNICEF que \u00e9 fora n\u00e3o pode. Nenhuma crian\u00e7a ou adolescente pode estar fora da escola&#8221;, acredita o oficial de Educa\u00e7\u00e3o.<\/p>\n\n\n\n<p>Quais os perfis mais afetados? Na avalia\u00e7\u00e3o do UNICEF, s\u00e3o aquelas crian\u00e7as e adolescentes mais vulner\u00e1veis. A renda \u00e9 um fator primordial na an\u00e1lise disso.&nbsp;<\/p>\n","protected":false},"excerpt":{"rendered":"<p>O Nacional Jovem desta quinta-feira (30) fala sobre o risco que&nbsp;quase 2 milh\u00f5es de crian\u00e7as e adolescentes correm de n\u00e3o voltar \u00e0s aulas em 2020&hellip; <\/p>\n","protected":false},"author":1,"featured_media":89837,"comment_status":"closed","ping_status":"closed","sticky":false,"template":"","format":"standard","meta":{"sfsi_plus_gutenberg_text_before_share":"","sfsi_plus_gutenberg_show_text_before_share":"","sfsi_plus_gutenberg_icon_type":"","sfsi_plus_gutenberg_icon_alignemt":"","sfsi_plus_gutenburg_max_per_row":"","footnotes":""},"categories":[50,14],"tags":[],"class_list":["post-151387","post","type-post","status-publish","format-standard","has-post-thumbnail","hentry","category-destaque","category-educacao"],"_links":{"self":[{"href":"https:\/\/www.caririemacao.com\/1\/wp-json\/wp\/v2\/posts\/151387","targetHints":{"allow":["GET"]}}],"collection":[{"href":"https:\/\/www.caririemacao.com\/1\/wp-json\/wp\/v2\/posts"}],"about":[{"href":"https:\/\/www.caririemacao.com\/1\/wp-json\/wp\/v2\/types\/post"}],"author":[{"embeddable":true,"href":"https:\/\/www.caririemacao.com\/1\/wp-json\/wp\/v2\/users\/1"}],"replies":[{"embeddable":true,"href":"https:\/\/www.caririemacao.com\/1\/wp-json\/wp\/v2\/comments?post=151387"}],"version-history":[{"count":1,"href":"https:\/\/www.caririemacao.com\/1\/wp-json\/wp\/v2\/posts\/151387\/revisions"}],"predecessor-version":[{"id":151388,"href":"https:\/\/www.caririemacao.com\/1\/wp-json\/wp\/v2\/posts\/151387\/revisions\/151388"}],"wp:featuredmedia":[{"embeddable":true,"href":"https:\/\/www.caririemacao.com\/1\/wp-json\/wp\/v2\/media\/89837"}],"wp:attachment":[{"href":"https:\/\/www.caririemacao.com\/1\/wp-json\/wp\/v2\/media?parent=151387"}],"wp:term":[{"taxonomy":"category","embeddable":true,"href":"https:\/\/www.caririemacao.com\/1\/wp-json\/wp\/v2\/categories?post=151387"},{"taxonomy":"post_tag","embeddable":true,"href":"https:\/\/www.caririemacao.com\/1\/wp-json\/wp\/v2\/tags?post=151387"}],"curies":[{"name":"wp","href":"https:\/\/api.w.org\/{rel}","templated":true}]}}