{"id":151396,"date":"2020-02-04T08:17:39","date_gmt":"2020-02-04T11:17:39","guid":{"rendered":"http:\/\/www.caririemacao.com\/1\/?p=151396"},"modified":"2020-02-04T08:17:40","modified_gmt":"2020-02-04T11:17:40","slug":"secretaria-de-educacao-e-sebrae-abrem-curso-de-capacitacao-para-professores-em-sao-jose-dos-cordeiros","status":"publish","type":"post","link":"https:\/\/www.caririemacao.com\/1\/2020\/02\/04\/secretaria-de-educacao-e-sebrae-abrem-curso-de-capacitacao-para-professores-em-sao-jose-dos-cordeiros\/","title":{"rendered":"Secretaria de Educa\u00e7\u00e3o e SEBRAE abrem curso de capacita\u00e7\u00e3o para professores em S\u00e3o Jos\u00e9 dos Cordeiros"},"content":{"rendered":"\n<p>O ano letivo de S\u00e3o Jos\u00e9 dos Cordeiros est\u00e1 come\u00e7ando de forma diferente neste ano de 2020. Os professores est\u00e3o participando de um curso oferecido pela Secretaria Municipal de Educa\u00e7\u00e3o em parceria com o SEBRAE com o tema: Jovens Empreendedores \u2013 Primeiros Passos.<\/p>\n\n\n\n<div class=\"wp-block-image\"><figure class=\"aligncenter\"><img decoding=\"async\" data-src=\"http:\/\/deolhonocariri.com.br\/wp-content\/uploads\/2020\/02\/84119380_163697268264872_951085164413321216_n.jpg\" alt=\"\" class=\"wp-image-77422 lazyload\" src=\"data:image\/svg+xml;base64,PHN2ZyB3aWR0aD0iMSIgaGVpZ2h0PSIxIiB4bWxucz0iaHR0cDovL3d3dy53My5vcmcvMjAwMC9zdmciPjwvc3ZnPg==\" \/><\/figure><\/div>\n\n\n\n<p>A abertura da capacita\u00e7\u00e3o contou com a presen\u00e7a do prefeito Jefferson Roberto, que destacou o compromisso do munic\u00edpio em continuar investindo na moderniza\u00e7\u00e3o da educa\u00e7\u00e3o de S\u00e3o Jos\u00e9 dos Cordeiros. A capacita\u00e7\u00e3o tamb\u00e9m contou com a presen\u00e7a da secret\u00e1ria de educa\u00e7\u00e3o Fl\u00e1via Teobaldo.<\/p>\n\n\n\n<p>No primeiro dia, os educadores cordeirenses receberam informa\u00e7\u00f5es sobre \u201cComportamentos empreendedores\u201d e a \u201cElabora\u00e7\u00e3o de um plano de neg\u00f3cio\u201d. O curso est\u00e1 sendo ministrado pela instrutora do Sebrae, Patr\u00edcia Barros e vai perdurar toda a semana.<\/p>\n\n\n\n<p>A capacita\u00e7\u00e3o \u00e9 destinada a todos os professores do ensino fundamental da rede municipal e objetiva renovar as pr\u00e1ticas pedag\u00f3gicas do corpo docente junto aos jovens e adolescentes estudantes da rede municipal. Outra finalidade \u00e9 capacitar os professores a levarem conhecimentos sobre empreendedorismo na aplica\u00e7\u00e3o de suas disciplinas.<\/p>\n","protected":false},"excerpt":{"rendered":"<p>O ano letivo de S\u00e3o Jos\u00e9 dos Cordeiros est\u00e1 come\u00e7ando de forma diferente neste ano de 2020. Os professores est\u00e3o participando de um curso oferecido&hellip; <\/p>\n","protected":false},"author":1,"featured_media":151398,"comment_status":"closed","ping_status":"closed","sticky":false,"template":"","format":"standard","meta":{"sfsi_plus_gutenberg_text_before_share":"","sfsi_plus_gutenberg_show_text_before_share":"","sfsi_plus_gutenberg_icon_type":"","sfsi_plus_gutenberg_icon_alignemt":"","sfsi_plus_gutenburg_max_per_row":"","footnotes":""},"categories":[6],"tags":[],"class_list":["post-151396","post","type-post","status-publish","format-standard","has-post-thumbnail","hentry","category-cidades"],"_links":{"self":[{"href":"https:\/\/www.caririemacao.com\/1\/wp-json\/wp\/v2\/posts\/151396","targetHints":{"allow":["GET"]}}],"collection":[{"href":"https:\/\/www.caririemacao.com\/1\/wp-json\/wp\/v2\/posts"}],"about":[{"href":"https:\/\/www.caririemacao.com\/1\/wp-json\/wp\/v2\/types\/post"}],"author":[{"embeddable":true,"href":"https:\/\/www.caririemacao.com\/1\/wp-json\/wp\/v2\/users\/1"}],"replies":[{"embeddable":true,"href":"https:\/\/www.caririemacao.com\/1\/wp-json\/wp\/v2\/comments?post=151396"}],"version-history":[{"count":1,"href":"https:\/\/www.caririemacao.com\/1\/wp-json\/wp\/v2\/posts\/151396\/revisions"}],"predecessor-version":[{"id":151399,"href":"https:\/\/www.caririemacao.com\/1\/wp-json\/wp\/v2\/posts\/151396\/revisions\/151399"}],"wp:featuredmedia":[{"embeddable":true,"href":"https:\/\/www.caririemacao.com\/1\/wp-json\/wp\/v2\/media\/151398"}],"wp:attachment":[{"href":"https:\/\/www.caririemacao.com\/1\/wp-json\/wp\/v2\/media?parent=151396"}],"wp:term":[{"taxonomy":"category","embeddable":true,"href":"https:\/\/www.caririemacao.com\/1\/wp-json\/wp\/v2\/categories?post=151396"},{"taxonomy":"post_tag","embeddable":true,"href":"https:\/\/www.caririemacao.com\/1\/wp-json\/wp\/v2\/tags?post=151396"}],"curies":[{"name":"wp","href":"https:\/\/api.w.org\/{rel}","templated":true}]}}