{"id":151409,"date":"2020-02-04T08:26:10","date_gmt":"2020-02-04T11:26:10","guid":{"rendered":"http:\/\/www.caririemacao.com\/1\/?p=151409"},"modified":"2020-02-04T08:26:13","modified_gmt":"2020-02-04T11:26:13","slug":"joao-azevedo-anuncia-investimento-de-r-3-milhoes-para-construcao-de-12-centros-de-triagem-de-residuos-solidos-e-projeto-beneficiara-a-regiao-do-cariri","status":"publish","type":"post","link":"https:\/\/www.caririemacao.com\/1\/2020\/02\/04\/joao-azevedo-anuncia-investimento-de-r-3-milhoes-para-construcao-de-12-centros-de-triagem-de-residuos-solidos-e-projeto-beneficiara-a-regiao-do-cariri\/","title":{"rendered":"Jo\u00e3o Azev\u00eado anuncia investimento de R$ 3 milh\u00f5es para constru\u00e7\u00e3o de 12 Centros de Triagem de Res\u00edduos S\u00f3lidos e projeto beneficiar\u00e1 a regi\u00e3o do Cariri"},"content":{"rendered":"\n<p>O governador Jo\u00e3o Azev\u00eado anunciou, nesta segunda-feira (3), durante o programa semanal \u2018Fala, governador\u2019, transmitido em cadeia estadual pela R\u00e1dio Tabajara, investimentos na ordem de R$ 3 milh\u00f5es para a constru\u00e7\u00e3o de 12 Centros de Triagem de Res\u00edduos S\u00f3lidos, que atender\u00e3o mais de 50 munic\u00edpios da Para\u00edba. A a\u00e7\u00e3o \u00e9 resultado de uma parceria entre o Governo do Estado, prefeituras e o Minist\u00e9rio P\u00fablico e viabilizar\u00e1 a realiza\u00e7\u00e3o de coletas seletivas, al\u00e9m de proporcionar a gera\u00e7\u00e3o de renda para quem trabalha no segmento e aumentar a vida \u00fatil dos aterros sanit\u00e1rios.<\/p>\n\n\n\n<p>O chefe do Executivo estadual destacou o esfor\u00e7o do governo para realizar mais uma parceria com as prefeituras e solucionar uma demanda relacionada ao meio ambiente. \u201cN\u00f3s sabemos que a atribui\u00e7\u00e3o de tratar os res\u00edduos s\u00f3lidos \u00e9 municipal, mas o Estado j\u00e1 elaborou um Plano Estadual de Res\u00edduos S\u00f3lidos e apresenta uma solu\u00e7\u00e3o para atender os munic\u00edpios que assinaram um Termo de Ajustamento de Conduta com o Minist\u00e9rio P\u00fablico e n\u00e3o t\u00eam condi\u00e7\u00f5es de cumprir por conta da falta de recursos. N\u00f3s estamos permitindo que os munic\u00edpios fiquem regulares, considerando que a lei exige que se tome provid\u00eancias em rela\u00e7\u00e3o ao assunto\u201d, explicou.<\/p>\n\n\n\n<p>De acordo com Jo\u00e3o Azev\u00eado, os Centros de Triagem ser\u00e3o constru\u00eddos em Marca\u00e7\u00e3o, Mari,&nbsp;<strong>Serra Branca, Tapero\u00e1<\/strong>, Picu\u00ed, Lagoa de Dentro, Ing\u00e1,&nbsp;<strong>Juazeirinho<\/strong>, Rem\u00edgio, Queimadas, Caapor\u00e3 e Juripiranga.<\/p>\n\n\n\n<p>As unidades de gerenciamento de res\u00edduos s\u00f3lidos tamb\u00e9m ir\u00e3o atender os munic\u00edpios de Ba\u00eda da Trai\u00e7\u00e3o, Rio Tinto, Sobrado, Riach\u00e3o do Po\u00e7o, Caldas Brand\u00e3o, S\u00e3o Jos\u00e9 dos Cordeiros, Coxixola, Parari, S\u00e3o Jo\u00e3o do Cariri, Assun\u00e7\u00e3o, Livramento, Bara\u00fana, Sossego, Nova Palmeira, Pedra Lavrada, Jacara\u00fa, Pedro Regis, Curral de Cima, Duas Estradas, Riach\u00e3o do Bacamarte, Itatuba, Serra Redonda, Soledade, Cubati, Olivedos, Ten\u00f3rio, Areia, Algod\u00e3o de Janda\u00edra, Fagundes, Caturit\u00e9, Barra de Santana, Alhandra, Pitimbu, Pedras de Fogo, Itabaiana, Pilar, S\u00e3o Miguel de Taipu e S\u00e3o Jos\u00e9 dos Ramos.<\/p>\n\n\n\n<p>Ainda segundo o governador, uma nova reuni\u00e3o est\u00e1 prevista para acontecer nos pr\u00f3ximos dias com os munic\u00edpios, por meio da Federa\u00e7\u00e3o das Associa\u00e7\u00f5es de Munic\u00edpios da Para\u00edba (Famup), para encaminhamento dos conv\u00eanios.<\/p>\n","protected":false},"excerpt":{"rendered":"<p>O governador Jo\u00e3o Azev\u00eado anunciou, nesta segunda-feira (3), durante o programa semanal \u2018Fala, governador\u2019, transmitido em cadeia estadual pela R\u00e1dio Tabajara, investimentos na ordem de&hellip; <\/p>\n","protected":false},"author":1,"featured_media":151410,"comment_status":"closed","ping_status":"closed","sticky":false,"template":"","format":"standard","meta":{"sfsi_plus_gutenberg_text_before_share":"","sfsi_plus_gutenberg_show_text_before_share":"","sfsi_plus_gutenberg_icon_type":"","sfsi_plus_gutenberg_icon_alignemt":"","sfsi_plus_gutenburg_max_per_row":"","footnotes":""},"categories":[11],"tags":[],"class_list":["post-151409","post","type-post","status-publish","format-standard","has-post-thumbnail","hentry","category-politica"],"_links":{"self":[{"href":"https:\/\/www.caririemacao.com\/1\/wp-json\/wp\/v2\/posts\/151409","targetHints":{"allow":["GET"]}}],"collection":[{"href":"https:\/\/www.caririemacao.com\/1\/wp-json\/wp\/v2\/posts"}],"about":[{"href":"https:\/\/www.caririemacao.com\/1\/wp-json\/wp\/v2\/types\/post"}],"author":[{"embeddable":true,"href":"https:\/\/www.caririemacao.com\/1\/wp-json\/wp\/v2\/users\/1"}],"replies":[{"embeddable":true,"href":"https:\/\/www.caririemacao.com\/1\/wp-json\/wp\/v2\/comments?post=151409"}],"version-history":[{"count":1,"href":"https:\/\/www.caririemacao.com\/1\/wp-json\/wp\/v2\/posts\/151409\/revisions"}],"predecessor-version":[{"id":151411,"href":"https:\/\/www.caririemacao.com\/1\/wp-json\/wp\/v2\/posts\/151409\/revisions\/151411"}],"wp:featuredmedia":[{"embeddable":true,"href":"https:\/\/www.caririemacao.com\/1\/wp-json\/wp\/v2\/media\/151410"}],"wp:attachment":[{"href":"https:\/\/www.caririemacao.com\/1\/wp-json\/wp\/v2\/media?parent=151409"}],"wp:term":[{"taxonomy":"category","embeddable":true,"href":"https:\/\/www.caririemacao.com\/1\/wp-json\/wp\/v2\/categories?post=151409"},{"taxonomy":"post_tag","embeddable":true,"href":"https:\/\/www.caririemacao.com\/1\/wp-json\/wp\/v2\/tags?post=151409"}],"curies":[{"name":"wp","href":"https:\/\/api.w.org\/{rel}","templated":true}]}}