{"id":151414,"date":"2020-02-04T08:27:45","date_gmt":"2020-02-04T11:27:45","guid":{"rendered":"http:\/\/www.caririemacao.com\/1\/?p=151414"},"modified":"2020-02-04T08:27:46","modified_gmt":"2020-02-04T11:27:46","slug":"monteiro-prefeita-anna-lorena-lanca-programa-cidade-trabalho-2-nesta-quarta-feira","status":"publish","type":"post","link":"https:\/\/www.caririemacao.com\/1\/2020\/02\/04\/monteiro-prefeita-anna-lorena-lanca-programa-cidade-trabalho-2-nesta-quarta-feira\/","title":{"rendered":"MONTEIRO: Prefeita Anna Lorena lan\u00e7a Programa Cidade Trabalho 2 nesta quarta-feira"},"content":{"rendered":"\n<p>A Prefeitura Municipal de Monteiro realiza nesta quarta-feira, 05, um evento onde a prefeita Anna Lorena, juntamente com sua equipe administrativa, ao lado dos vereadores de sua base aliada, autoridades e convidados, far\u00e1 a presta\u00e7\u00e3o de contas de todas as obras e investimentos realizados no munic\u00edpio ao longo destes tr\u00eas primeiros anos de sua gest\u00e3o.<\/p>\n\n\n\n<p>O grande momento do evento estar\u00e1 por conta do lan\u00e7amento do Programa Cidade Trabalho 2, onde Anna Lorena anunciar\u00e1 um pacote de obras envolvendo todas as \u00e1reas da estrutura municipal como Sa\u00fade, Educa\u00e7\u00e3o, Infraestrutura, A\u00e7\u00f5es Sociais, Agricultura e demais.<\/p>\n\n\n\n<p>\u201cTemos investido recursos em todas as \u00e1reas, e estas a\u00e7\u00f5es tem rendido bons frutos como o reconhecimento da excel\u00eancia de nossa Educa\u00e7\u00e3o com a obten\u00e7\u00e3o de altos \u00edndices de avalia\u00e7\u00e3o de professores e alunos, os caminhos e evolu\u00e7\u00f5es na Sa\u00fade com aquisi\u00e7\u00f5es e entregas importantes, bem como as novas especialidades oferecidas aos monteirenses; os novos Programas Sociais que tem representando uma estabilidade nutricional aos menos favorecidos, nossa grandiosa obra do Est\u00e1dio Feitos\u00e3o para o esporte e assim por diante\u201d, comenta a prefeita.<\/p>\n\n\n\n<p>O convite para o evento que acontece no Centro Cultural Alexandre da Silva Brito, \u00e0s 17 horas desta quarta-feira, 5, \u00e9 extensivo a popula\u00e7\u00e3o monteirense e todos os segmentos da sociedade.<\/p>\n\n\n\n<p>\u201cSejam bem-vindos para comemorar conosco o novo pacote de obras que conseguimos atrav\u00e9s do equil\u00edbrio financeiro, parcerias e destina\u00e7\u00e3o de recursos, tudo para que possamos a cada dia fazer de Monteiro uma cidade cada vez melhor\u201d, convida Anna Lorena.<\/p>\n\n\n\n<p><em>Ascom PMM<\/em><\/p>\n","protected":false},"excerpt":{"rendered":"<p>A Prefeitura Municipal de Monteiro realiza nesta quarta-feira, 05, um evento onde a prefeita Anna Lorena, juntamente com sua equipe administrativa, ao lado dos vereadores&hellip; <\/p>\n","protected":false},"author":1,"featured_media":146733,"comment_status":"closed","ping_status":"closed","sticky":false,"template":"","format":"standard","meta":{"sfsi_plus_gutenberg_text_before_share":"","sfsi_plus_gutenberg_show_text_before_share":"","sfsi_plus_gutenberg_icon_type":"","sfsi_plus_gutenberg_icon_alignemt":"","sfsi_plus_gutenburg_max_per_row":"","footnotes":""},"categories":[2],"tags":[],"class_list":["post-151414","post","type-post","status-publish","format-standard","has-post-thumbnail","hentry","category-geral"],"_links":{"self":[{"href":"https:\/\/www.caririemacao.com\/1\/wp-json\/wp\/v2\/posts\/151414","targetHints":{"allow":["GET"]}}],"collection":[{"href":"https:\/\/www.caririemacao.com\/1\/wp-json\/wp\/v2\/posts"}],"about":[{"href":"https:\/\/www.caririemacao.com\/1\/wp-json\/wp\/v2\/types\/post"}],"author":[{"embeddable":true,"href":"https:\/\/www.caririemacao.com\/1\/wp-json\/wp\/v2\/users\/1"}],"replies":[{"embeddable":true,"href":"https:\/\/www.caririemacao.com\/1\/wp-json\/wp\/v2\/comments?post=151414"}],"version-history":[{"count":1,"href":"https:\/\/www.caririemacao.com\/1\/wp-json\/wp\/v2\/posts\/151414\/revisions"}],"predecessor-version":[{"id":151415,"href":"https:\/\/www.caririemacao.com\/1\/wp-json\/wp\/v2\/posts\/151414\/revisions\/151415"}],"wp:featuredmedia":[{"embeddable":true,"href":"https:\/\/www.caririemacao.com\/1\/wp-json\/wp\/v2\/media\/146733"}],"wp:attachment":[{"href":"https:\/\/www.caririemacao.com\/1\/wp-json\/wp\/v2\/media?parent=151414"}],"wp:term":[{"taxonomy":"category","embeddable":true,"href":"https:\/\/www.caririemacao.com\/1\/wp-json\/wp\/v2\/categories?post=151414"},{"taxonomy":"post_tag","embeddable":true,"href":"https:\/\/www.caririemacao.com\/1\/wp-json\/wp\/v2\/tags?post=151414"}],"curies":[{"name":"wp","href":"https:\/\/api.w.org\/{rel}","templated":true}]}}