{"id":151420,"date":"2020-02-04T11:05:09","date_gmt":"2020-02-04T14:05:09","guid":{"rendered":"http:\/\/www.caririemacao.com\/1\/?p=151420"},"modified":"2020-02-04T11:05:10","modified_gmt":"2020-02-04T14:05:10","slug":"prefeitura-inicia-corte-de-terras-no-municipio-de-sume","status":"publish","type":"post","link":"https:\/\/www.caririemacao.com\/1\/2020\/02\/04\/prefeitura-inicia-corte-de-terras-no-municipio-de-sume\/","title":{"rendered":"Prefeitura inicia corte de terras no munic\u00edpio de Sum\u00e9"},"content":{"rendered":"\n<p>Com a chegada do per\u00edodo das chuvas na regi\u00e3o do Cariri, a Prefeitura de Sum\u00e9 montou um plano de a\u00e7\u00e3o para beneficiar os agricultores sumeenses com o corte de terras no munic\u00edpio. Os trabalhos iniciaram na \u00faltima quinzena do m\u00eas de janeiro.<\/p>\n\n\n\n<p>Para viabilizar a a\u00e7\u00e3o,\na Prefeitura contratou mais seis tratores, que se somar\u00e3o aos tr\u00eas da frota da\nSecretaria de Agricultura, totalizando nove, que juntos produzir\u00e3o uma\nquantidade de 80h\/dia para atender a demanda em tempo h\u00e1bil.<\/p>\n\n\n\n<p>Conforme o programa de\npreparo de solo montado pela Secretaria de Agricultura, cada agricultor tem\ndireito a uma hora do corte de terra. O cronograma foi feito com base na\nrela\u00e7\u00e3o de nomes enviados pelas associa\u00e7\u00f5es de cada regi\u00e3o. <\/p>\n\n\n\n<p>O atendimento est\u00e1\nsendo realizado por ordem de chegada das listas enviadas por cada presidente de\nassocia\u00e7\u00e3o rural.<\/p>\n\n\n\n<p>Para saber mais acesse: www.sume.pb.gov.br<\/p>\n\n\n\n<p>Ascom<\/p>\n","protected":false},"excerpt":{"rendered":"<p>Com a chegada do per\u00edodo das chuvas na regi\u00e3o do Cariri, a Prefeitura de Sum\u00e9 montou um plano de a\u00e7\u00e3o para beneficiar os agricultores sumeenses&hellip; <\/p>\n","protected":false},"author":1,"featured_media":151421,"comment_status":"closed","ping_status":"closed","sticky":false,"template":"","format":"standard","meta":{"sfsi_plus_gutenberg_text_before_share":"","sfsi_plus_gutenberg_show_text_before_share":"","sfsi_plus_gutenberg_icon_type":"","sfsi_plus_gutenberg_icon_alignemt":"","sfsi_plus_gutenburg_max_per_row":"","footnotes":""},"categories":[6,50],"tags":[],"class_list":["post-151420","post","type-post","status-publish","format-standard","has-post-thumbnail","hentry","category-cidades","category-destaque"],"_links":{"self":[{"href":"https:\/\/www.caririemacao.com\/1\/wp-json\/wp\/v2\/posts\/151420","targetHints":{"allow":["GET"]}}],"collection":[{"href":"https:\/\/www.caririemacao.com\/1\/wp-json\/wp\/v2\/posts"}],"about":[{"href":"https:\/\/www.caririemacao.com\/1\/wp-json\/wp\/v2\/types\/post"}],"author":[{"embeddable":true,"href":"https:\/\/www.caririemacao.com\/1\/wp-json\/wp\/v2\/users\/1"}],"replies":[{"embeddable":true,"href":"https:\/\/www.caririemacao.com\/1\/wp-json\/wp\/v2\/comments?post=151420"}],"version-history":[{"count":1,"href":"https:\/\/www.caririemacao.com\/1\/wp-json\/wp\/v2\/posts\/151420\/revisions"}],"predecessor-version":[{"id":151422,"href":"https:\/\/www.caririemacao.com\/1\/wp-json\/wp\/v2\/posts\/151420\/revisions\/151422"}],"wp:featuredmedia":[{"embeddable":true,"href":"https:\/\/www.caririemacao.com\/1\/wp-json\/wp\/v2\/media\/151421"}],"wp:attachment":[{"href":"https:\/\/www.caririemacao.com\/1\/wp-json\/wp\/v2\/media?parent=151420"}],"wp:term":[{"taxonomy":"category","embeddable":true,"href":"https:\/\/www.caririemacao.com\/1\/wp-json\/wp\/v2\/categories?post=151420"},{"taxonomy":"post_tag","embeddable":true,"href":"https:\/\/www.caririemacao.com\/1\/wp-json\/wp\/v2\/tags?post=151420"}],"curies":[{"name":"wp","href":"https:\/\/api.w.org\/{rel}","templated":true}]}}