{"id":151424,"date":"2020-02-04T12:04:31","date_gmt":"2020-02-04T15:04:31","guid":{"rendered":"http:\/\/www.caririemacao.com\/1\/?p=151424"},"modified":"2020-02-04T12:10:18","modified_gmt":"2020-02-04T15:10:18","slug":"secretaria-municipal-de-educacao-realiza-jornada-pedagogica","status":"publish","type":"post","link":"https:\/\/www.caririemacao.com\/1\/2020\/02\/04\/secretaria-municipal-de-educacao-realiza-jornada-pedagogica\/","title":{"rendered":"Prata: Secretaria Municipal de educa\u00e7\u00e3o realiza jornada pedag\u00f3gica"},"content":{"rendered":"\n<figure><iframe allowfullscreen=\"allowfullscreen\" height=\"210\" data-src=\"https:\/\/www.blogger.com\/video.g?token=AD6v5dynchOqMRstMDv4dPzOjbaXdsK7mxGNnohoOybN17INKetdHqxFRA4viEO8-iIb_DQ89Qyg-JLX80L271bZzoNRU4fQ2PGQr6mmtxKEsXWxqGGscIfv5PXf8YPqoNFcyt6a1AE\" width=\"280\" src=\"data:image\/svg+xml;base64,PHN2ZyB3aWR0aD0iMSIgaGVpZ2h0PSIxIiB4bWxucz0iaHR0cDovL3d3dy53My5vcmcvMjAwMC9zdmciPjwvc3ZnPg==\" class=\"lazyload\" data-load-mode=\"1\"><\/iframe><\/figure>\n\n\n\n<p>A Prefeitura Municipal de Prata, atrav\u00e9s da Secretaria de Educa\u00e7\u00e3o realiza jornada Pedag\u00f3gica com o tema: desafios na inclus\u00e3o. Com a palestrante Lidiane Quirino.<\/p>\n\n\n\n<p><br>Teve a participa\u00e7\u00e3o de todos os professores da rede, pais, respons\u00e1veis e cuidadores de alunos com necessidades especiais. Na oportunidade a Secret\u00e1ria apresentou a equipe gestora das escolas e a equipe que coordenar\u00e1 o Centro de aprendizagem e atendimento educacional especializado que funcionar\u00e1 no antigo pr\u00e9dio do Pl\u00ednio Lemos, o centro atender\u00e1 crian\u00e7as com necessidades especiais e dist\u00farbios de aprendizagem.<\/p>\n\n\n\n<p><br>Na oportunidade a Secret\u00e1ria de Educa\u00e7\u00e3o, Janiete Nunes, destacou a determina\u00e7\u00e3o da gest\u00e3o do Prefeito J\u00fanior N\u00f3brega, que mesmo diante das dificuldades encontradas n\u00e3o tem desistido de tornar o munic\u00edpio de Prata uma refer\u00eancia no que se refere a uma educa\u00e7\u00e3o de qualidade, ofertando aos estudantes um ambiente agrad\u00e1vel para estudar, e para os profissionais da \u00e1rea o estimulo com a garantia do sal\u00e1rio em dia e boas condi\u00e7\u00f5es de trabalho e valoriza\u00e7\u00e3o profissional.<\/p>\n\n\n\n<figure class=\"wp-block-image\"><a href=\"https:\/\/1.bp.blogspot.com\/-jniq0_OdhxY\/Xjix3kaokTI\/AAAAAAAADq4\/_21VcoiUbEwL-zYiZhfY-C6Prk2usEizgCNcBGAsYHQ\/s1600\/9.png\"><img decoding=\"async\" data-src=\"https:\/\/1.bp.blogspot.com\/-jniq0_OdhxY\/Xjix3kaokTI\/AAAAAAAADq4\/_21VcoiUbEwL-zYiZhfY-C6Prk2usEizgCNcBGAsYHQ\/s320\/9.png\" alt=\"\" src=\"data:image\/svg+xml;base64,PHN2ZyB3aWR0aD0iMSIgaGVpZ2h0PSIxIiB4bWxucz0iaHR0cDovL3d3dy53My5vcmcvMjAwMC9zdmciPjwvc3ZnPg==\" class=\"lazyload\" \/><\/a><\/figure>\n\n\n\n<figure class=\"wp-block-image\"><a href=\"https:\/\/1.bp.blogspot.com\/-NpbAUlDjVq0\/Xjix9qionDI\/AAAAAAAADrA\/GOU3Y0sTadojSZCqveBgNbC4cRNxE03OACNcBGAsYHQ\/s1600\/10.png\"><img decoding=\"async\" data-src=\"https:\/\/1.bp.blogspot.com\/-NpbAUlDjVq0\/Xjix9qionDI\/AAAAAAAADrA\/GOU3Y0sTadojSZCqveBgNbC4cRNxE03OACNcBGAsYHQ\/s280\/10.png\" alt=\"\" src=\"data:image\/svg+xml;base64,PHN2ZyB3aWR0aD0iMSIgaGVpZ2h0PSIxIiB4bWxucz0iaHR0cDovL3d3dy53My5vcmcvMjAwMC9zdmciPjwvc3ZnPg==\" class=\"lazyload\" \/><\/a><\/figure>\n","protected":false},"excerpt":{"rendered":"<p>A Prefeitura Municipal de Prata, atrav\u00e9s da Secretaria de Educa\u00e7\u00e3o realiza jornada Pedag\u00f3gica com o tema: desafios na inclus\u00e3o. Com a palestrante Lidiane Quirino. Teve&hellip; <\/p>\n","protected":false},"author":1,"featured_media":151425,"comment_status":"closed","ping_status":"closed","sticky":false,"template":"","format":"standard","meta":{"sfsi_plus_gutenberg_text_before_share":"","sfsi_plus_gutenberg_show_text_before_share":"","sfsi_plus_gutenberg_icon_type":"","sfsi_plus_gutenberg_icon_alignemt":"","sfsi_plus_gutenburg_max_per_row":"","footnotes":""},"categories":[2],"tags":[],"class_list":["post-151424","post","type-post","status-publish","format-standard","has-post-thumbnail","hentry","category-geral"],"_links":{"self":[{"href":"https:\/\/www.caririemacao.com\/1\/wp-json\/wp\/v2\/posts\/151424","targetHints":{"allow":["GET"]}}],"collection":[{"href":"https:\/\/www.caririemacao.com\/1\/wp-json\/wp\/v2\/posts"}],"about":[{"href":"https:\/\/www.caririemacao.com\/1\/wp-json\/wp\/v2\/types\/post"}],"author":[{"embeddable":true,"href":"https:\/\/www.caririemacao.com\/1\/wp-json\/wp\/v2\/users\/1"}],"replies":[{"embeddable":true,"href":"https:\/\/www.caririemacao.com\/1\/wp-json\/wp\/v2\/comments?post=151424"}],"version-history":[{"count":2,"href":"https:\/\/www.caririemacao.com\/1\/wp-json\/wp\/v2\/posts\/151424\/revisions"}],"predecessor-version":[{"id":151442,"href":"https:\/\/www.caririemacao.com\/1\/wp-json\/wp\/v2\/posts\/151424\/revisions\/151442"}],"wp:featuredmedia":[{"embeddable":true,"href":"https:\/\/www.caririemacao.com\/1\/wp-json\/wp\/v2\/media\/151425"}],"wp:attachment":[{"href":"https:\/\/www.caririemacao.com\/1\/wp-json\/wp\/v2\/media?parent=151424"}],"wp:term":[{"taxonomy":"category","embeddable":true,"href":"https:\/\/www.caririemacao.com\/1\/wp-json\/wp\/v2\/categories?post=151424"},{"taxonomy":"post_tag","embeddable":true,"href":"https:\/\/www.caririemacao.com\/1\/wp-json\/wp\/v2\/tags?post=151424"}],"curies":[{"name":"wp","href":"https:\/\/api.w.org\/{rel}","templated":true}]}}