{"id":151430,"date":"2020-02-04T12:07:05","date_gmt":"2020-02-04T15:07:05","guid":{"rendered":"http:\/\/www.caririemacao.com\/1\/?p=151430"},"modified":"2020-02-04T12:07:06","modified_gmt":"2020-02-04T15:07:06","slug":"secretaria-de-educacao-de-amparo-realiza-jornada-pedagogica","status":"publish","type":"post","link":"https:\/\/www.caririemacao.com\/1\/2020\/02\/04\/secretaria-de-educacao-de-amparo-realiza-jornada-pedagogica\/","title":{"rendered":"Secretaria de Educa\u00e7\u00e3o de Amparo realiza Jornada Pedag\u00f3gica"},"content":{"rendered":"\n<p>A Secretaria de Educa\u00e7\u00e3o de Amparo estar\u00e1 realizando entre os dias 04 e 07 de Fevereiro, a \u201cJornada Pedag\u00f3gica 2020\u201d, a qual tem como tema: Distor\u00e7\u00e3o idade-s\u00e9rie: Desafio de uma Educa\u00e7\u00e3o de qualidade.<br><\/p>\n\n\n\n<p>O evento est\u00e1 sendo realizado na escola Juvenal Ferreira de Brito, desde \u00e0s 08h00 desta ter\u00e7a-feira (04).<\/p>\n","protected":false},"excerpt":{"rendered":"<p>A Secretaria de Educa\u00e7\u00e3o de Amparo estar\u00e1 realizando entre os dias 04 e 07 de Fevereiro, a \u201cJornada Pedag\u00f3gica 2020\u201d, a qual tem como tema:&hellip; <\/p>\n","protected":false},"author":1,"featured_media":151435,"comment_status":"closed","ping_status":"closed","sticky":false,"template":"","format":"standard","meta":{"sfsi_plus_gutenberg_text_before_share":"","sfsi_plus_gutenberg_show_text_before_share":"","sfsi_plus_gutenberg_icon_type":"","sfsi_plus_gutenberg_icon_alignemt":"","sfsi_plus_gutenburg_max_per_row":"","footnotes":""},"categories":[6],"tags":[],"class_list":["post-151430","post","type-post","status-publish","format-standard","has-post-thumbnail","hentry","category-cidades"],"_links":{"self":[{"href":"https:\/\/www.caririemacao.com\/1\/wp-json\/wp\/v2\/posts\/151430","targetHints":{"allow":["GET"]}}],"collection":[{"href":"https:\/\/www.caririemacao.com\/1\/wp-json\/wp\/v2\/posts"}],"about":[{"href":"https:\/\/www.caririemacao.com\/1\/wp-json\/wp\/v2\/types\/post"}],"author":[{"embeddable":true,"href":"https:\/\/www.caririemacao.com\/1\/wp-json\/wp\/v2\/users\/1"}],"replies":[{"embeddable":true,"href":"https:\/\/www.caririemacao.com\/1\/wp-json\/wp\/v2\/comments?post=151430"}],"version-history":[{"count":1,"href":"https:\/\/www.caririemacao.com\/1\/wp-json\/wp\/v2\/posts\/151430\/revisions"}],"predecessor-version":[{"id":151436,"href":"https:\/\/www.caririemacao.com\/1\/wp-json\/wp\/v2\/posts\/151430\/revisions\/151436"}],"wp:featuredmedia":[{"embeddable":true,"href":"https:\/\/www.caririemacao.com\/1\/wp-json\/wp\/v2\/media\/151435"}],"wp:attachment":[{"href":"https:\/\/www.caririemacao.com\/1\/wp-json\/wp\/v2\/media?parent=151430"}],"wp:term":[{"taxonomy":"category","embeddable":true,"href":"https:\/\/www.caririemacao.com\/1\/wp-json\/wp\/v2\/categories?post=151430"},{"taxonomy":"post_tag","embeddable":true,"href":"https:\/\/www.caririemacao.com\/1\/wp-json\/wp\/v2\/tags?post=151430"}],"curies":[{"name":"wp","href":"https:\/\/api.w.org\/{rel}","templated":true}]}}