{"id":151445,"date":"2020-02-04T12:12:55","date_gmt":"2020-02-04T15:12:55","guid":{"rendered":"http:\/\/www.caririemacao.com\/1\/?p=151445"},"modified":"2020-02-04T12:12:56","modified_gmt":"2020-02-04T15:12:56","slug":"jovem-modelo-de-sao-joao-do-tigre-vence-miss-eco-paraiba-2020","status":"publish","type":"post","link":"https:\/\/www.caririemacao.com\/1\/2020\/02\/04\/jovem-modelo-de-sao-joao-do-tigre-vence-miss-eco-paraiba-2020\/","title":{"rendered":"Jovem modelo de S\u00e3o Jo\u00e3o do Tigre vence MISS ECO PARAIBA 2020"},"content":{"rendered":"\n<p>A cidade de S\u00e3o Jo\u00e3o do Tigre foi destaque em um dos mais importantes concursos de miss de todo o Nordeste, o Concurso MISS E MISTER ECO PARAIBA 2020.<\/p>\n\n\n\n<p>A jovem Jeniffer Rodrigues foi a grande vencedora do concurso em evento que aconteceu no Rancho Sabi\u00e1 na cidade de Campina Grande, desbancando concorrentes de todo o estado da Para\u00edba.<\/p>\n\n\n\n<p>O concurso foi realizado no \u00faltimo s\u00e1bado, 01, e deu \u00e0 Jeniffer a vaga para participar do MISS e MISTER ECO BRASIL, a etapa nacional da premia\u00e7\u00e3o.<\/p>\n\n\n\n<div class=\"wp-block-image\"><figure class=\"aligncenter\"><img decoding=\"async\" data-src=\"http:\/\/deolhonocariri.com.br\/wp-content\/uploads\/2020\/02\/11.jpg\" alt=\"\" class=\"wp-image-77446 lazyload\" src=\"data:image\/svg+xml;base64,PHN2ZyB3aWR0aD0iMSIgaGVpZ2h0PSIxIiB4bWxucz0iaHR0cDovL3d3dy53My5vcmcvMjAwMC9zdmciPjwvc3ZnPg==\" \/><\/figure><\/div>\n\n\n\n<p>Em contato com a nossa reportagem, Jeniffer afirmou que \u00e9 prerrogativa do t\u00edtulo, realizar alguns trabalhos na \u00e1rea social em sua cidade natal, S\u00e3o Jo\u00e3o do Tigre, com crian\u00e7as e adolescentes e que j\u00e1 tem planos e metas para isso.<\/p>\n\n\n\n<p>\u201cEstamos representando a renda renascen\u00e7a que \u00e9 uma atividade t\u00edpica cultural e social de minha cidade natal.\u201d, explicou a jovem miss.<\/p>\n\n\n\n<p>\u201cInclusive haver\u00e1 um estilista que vai fazer meu traje regional personalizado&nbsp;&nbsp;e com certeza iremos representar bem e com muito orgulho a cidade de S\u00e3o Jo\u00e3o do Tigre e o Cariri\u201d, completou Jeniffer.<\/p>\n\n\n\n<p>O MISS ECO PB 2020 teve a coordena\u00e7\u00e3o de Junior Amorim, um dos nomes mais conceituados do universo dos desfiles e das passarelas em todo o Nordeste e agora todas as aten\u00e7\u00f5es ficam voltadas para a atua\u00e7\u00e3o de Jeniffer, at\u00e9 chegar sua participa\u00e7\u00e3o no concurso nacional.<\/p>\n\n\n\n<p><em>Com F\u00e1bio Brito<\/em><\/p>\n","protected":false},"excerpt":{"rendered":"<p>A cidade de S\u00e3o Jo\u00e3o do Tigre foi destaque em um dos mais importantes concursos de miss de todo o Nordeste, o Concurso MISS E&hellip; <\/p>\n","protected":false},"author":1,"featured_media":151448,"comment_status":"closed","ping_status":"closed","sticky":false,"template":"","format":"standard","meta":{"sfsi_plus_gutenberg_text_before_share":"","sfsi_plus_gutenberg_show_text_before_share":"","sfsi_plus_gutenberg_icon_type":"","sfsi_plus_gutenberg_icon_alignemt":"","sfsi_plus_gutenburg_max_per_row":"","footnotes":""},"categories":[6],"tags":[],"class_list":["post-151445","post","type-post","status-publish","format-standard","has-post-thumbnail","hentry","category-cidades"],"_links":{"self":[{"href":"https:\/\/www.caririemacao.com\/1\/wp-json\/wp\/v2\/posts\/151445","targetHints":{"allow":["GET"]}}],"collection":[{"href":"https:\/\/www.caririemacao.com\/1\/wp-json\/wp\/v2\/posts"}],"about":[{"href":"https:\/\/www.caririemacao.com\/1\/wp-json\/wp\/v2\/types\/post"}],"author":[{"embeddable":true,"href":"https:\/\/www.caririemacao.com\/1\/wp-json\/wp\/v2\/users\/1"}],"replies":[{"embeddable":true,"href":"https:\/\/www.caririemacao.com\/1\/wp-json\/wp\/v2\/comments?post=151445"}],"version-history":[{"count":1,"href":"https:\/\/www.caririemacao.com\/1\/wp-json\/wp\/v2\/posts\/151445\/revisions"}],"predecessor-version":[{"id":151449,"href":"https:\/\/www.caririemacao.com\/1\/wp-json\/wp\/v2\/posts\/151445\/revisions\/151449"}],"wp:featuredmedia":[{"embeddable":true,"href":"https:\/\/www.caririemacao.com\/1\/wp-json\/wp\/v2\/media\/151448"}],"wp:attachment":[{"href":"https:\/\/www.caririemacao.com\/1\/wp-json\/wp\/v2\/media?parent=151445"}],"wp:term":[{"taxonomy":"category","embeddable":true,"href":"https:\/\/www.caririemacao.com\/1\/wp-json\/wp\/v2\/categories?post=151445"},{"taxonomy":"post_tag","embeddable":true,"href":"https:\/\/www.caririemacao.com\/1\/wp-json\/wp\/v2\/tags?post=151445"}],"curies":[{"name":"wp","href":"https:\/\/api.w.org\/{rel}","templated":true}]}}