{"id":151457,"date":"2020-02-04T13:33:43","date_gmt":"2020-02-04T16:33:43","guid":{"rendered":"http:\/\/www.caririemacao.com\/1\/?p=151457"},"modified":"2020-02-04T13:33:45","modified_gmt":"2020-02-04T16:33:45","slug":"prefeito-givaldo-diz-que-ex-gestor-nelson-honorato-e-o-candidato-natural-de-seu-grupo-mas-impoe-condicao","status":"publish","type":"post","link":"https:\/\/www.caririemacao.com\/1\/2020\/02\/04\/prefeito-givaldo-diz-que-ex-gestor-nelson-honorato-e-o-candidato-natural-de-seu-grupo-mas-impoe-condicao\/","title":{"rendered":"Prefeito Givaldo diz que ex-gestor Nelson Honorato \u00e9 o candidato natural de seu grupo, mas imp\u00f5e condi\u00e7\u00e3o"},"content":{"rendered":"\n<p>O prefeito Givaldo Limeira (DEM) foi entrevistado no \u00faltimo s\u00e1bado pela Serra Branca FM e ao final comentou o andamento de seu grupo para as pr\u00f3ximas elei\u00e7\u00f5es municipais. O gestor disse que seu agrupamento tem v\u00e1rios bons nomes, mas reconheceu que se o ex-prefeito Nelson Honorato de fato quiser ser candidato, ele n\u00e3o encontrar\u00e1 dificuldade para ser escolhido pelo restante do grupo.<\/p>\n\n\n\n<p>As declara\u00e7\u00f5es de Givaldo devem repercutir no direcionamento do grupo nas pr\u00f3ximas semanas. O prefeito ainda colocou uma condi\u00e7\u00e3o para a poss\u00edvel escolha do nome do prefeito Nelson como pr\u00e9-candidato, que seria sua filia\u00e7\u00e3o ao Democratas, partido de todo o grupo de situa\u00e7\u00e3o.<\/p>\n\n\n\n<p>\u201cAcho que o m\u00ednimo que o ex-prefeito Nelson deve fazer \u00e9 se filiar ao nosso partido, se quiser ser candidato, pois estar\u00e1 em harmonia com todos do nosso grupo. De fato seu nome \u00e9 muito lembrado por todos, at\u00e9 por sua folha de servi\u00e7os prestados \u00e0 Coxixola, e se ele quiser mesmo ser candidato n\u00e3o acredito que encontre resist\u00eancia dentro das lideran\u00e7as de nosso grupo\u201d, afirmou Givaldo.<\/p>\n\n\n\n<p>Givaldo disse que a aten\u00e7\u00e3o de todo seu agrupamento se volta ainda para a escolha do vice, tendo em vista a import\u00e2ncia do cargo e a vontade da popula\u00e7\u00e3o coxixolense. \u201cTemos v\u00e1rios bons nomes para a disputa majorit\u00e1ria, tanto para ser candidato a prefeito, como a vice, assim sendo acho que a escolha deve se d\u00e1 com bastante aten\u00e7\u00e3o e dedica\u00e7\u00e3o, at\u00e9 porque estamos falando do futuro de Coxixola e de uma chapa que possa ter um projeto s\u00f3lido para dar continuidade ao desenvolvimento de nosso munic\u00edpio\u201d, pontuou.<\/p>\n\n\n\n<p><strong>Oposi\u00e7\u00e3o<\/strong><\/p>\n\n\n\n<p>O candidato escolhido pelo grupo de situa\u00e7\u00e3o deve enfrentar nas urnas em outubro pr\u00f3ximo o jovem Valmir Oliveira (PT do B, candidato a prefeito nas \u00faltimas elei\u00e7\u00f5es contra o prefeito Givaldo Limeira em sua reelei\u00e7\u00e3o.<\/p>\n\n\n\n<p>Givaldo disse que n\u00e3o tem porque temer a disputa contra Valmir, at\u00e9 porque a vota\u00e7\u00e3o de seu grupo e da oposi\u00e7\u00e3o em Coxixola se manteve no mesmo patamar nas \u00faltimas tr\u00eas elei\u00e7\u00f5es. Segundo o l\u00edder pol\u00edtico, na \u00faltima disputa municipal, Valmir teve a vota\u00e7\u00e3o esperada para um candidato que se apresente contra seu grupo.<\/p>\n\n\n\n<p><strong>De Olho no Cariri<\/strong><\/p>\n","protected":false},"excerpt":{"rendered":"<p>O prefeito Givaldo Limeira (DEM) foi entrevistado no \u00faltimo s\u00e1bado pela Serra Branca FM e ao final comentou o andamento de seu grupo para as&hellip; <\/p>\n","protected":false},"author":1,"featured_media":151458,"comment_status":"closed","ping_status":"closed","sticky":false,"template":"","format":"standard","meta":{"sfsi_plus_gutenberg_text_before_share":"","sfsi_plus_gutenberg_show_text_before_share":"","sfsi_plus_gutenberg_icon_type":"","sfsi_plus_gutenberg_icon_alignemt":"","sfsi_plus_gutenburg_max_per_row":"","footnotes":""},"categories":[2],"tags":[],"class_list":["post-151457","post","type-post","status-publish","format-standard","has-post-thumbnail","hentry","category-geral"],"_links":{"self":[{"href":"https:\/\/www.caririemacao.com\/1\/wp-json\/wp\/v2\/posts\/151457","targetHints":{"allow":["GET"]}}],"collection":[{"href":"https:\/\/www.caririemacao.com\/1\/wp-json\/wp\/v2\/posts"}],"about":[{"href":"https:\/\/www.caririemacao.com\/1\/wp-json\/wp\/v2\/types\/post"}],"author":[{"embeddable":true,"href":"https:\/\/www.caririemacao.com\/1\/wp-json\/wp\/v2\/users\/1"}],"replies":[{"embeddable":true,"href":"https:\/\/www.caririemacao.com\/1\/wp-json\/wp\/v2\/comments?post=151457"}],"version-history":[{"count":1,"href":"https:\/\/www.caririemacao.com\/1\/wp-json\/wp\/v2\/posts\/151457\/revisions"}],"predecessor-version":[{"id":151459,"href":"https:\/\/www.caririemacao.com\/1\/wp-json\/wp\/v2\/posts\/151457\/revisions\/151459"}],"wp:featuredmedia":[{"embeddable":true,"href":"https:\/\/www.caririemacao.com\/1\/wp-json\/wp\/v2\/media\/151458"}],"wp:attachment":[{"href":"https:\/\/www.caririemacao.com\/1\/wp-json\/wp\/v2\/media?parent=151457"}],"wp:term":[{"taxonomy":"category","embeddable":true,"href":"https:\/\/www.caririemacao.com\/1\/wp-json\/wp\/v2\/categories?post=151457"},{"taxonomy":"post_tag","embeddable":true,"href":"https:\/\/www.caririemacao.com\/1\/wp-json\/wp\/v2\/tags?post=151457"}],"curies":[{"name":"wp","href":"https:\/\/api.w.org\/{rel}","templated":true}]}}