{"id":151474,"date":"2020-02-04T13:38:33","date_gmt":"2020-02-04T16:38:33","guid":{"rendered":"http:\/\/www.caririemacao.com\/1\/?p=151474"},"modified":"2020-02-04T13:38:35","modified_gmt":"2020-02-04T16:38:35","slug":"governo-implanta-servico-de-transporte-aeromedico-na-rede-de-urgencia-e-emergencia","status":"publish","type":"post","link":"https:\/\/www.caririemacao.com\/1\/2020\/02\/04\/governo-implanta-servico-de-transporte-aeromedico-na-rede-de-urgencia-e-emergencia\/","title":{"rendered":"Governo implanta servi\u00e7o de transporte aerom\u00e9dico na Rede de Urg\u00eancia e Emerg\u00eancia"},"content":{"rendered":"\n<p>O Governo do Estado, por meio da Secretaria de Estado da Sa\u00fade (SES), aprovou nessa segunda-feira (3), em reuni\u00e3o da Comiss\u00e3o de Intergestores Bipartite (CIB), a implanta\u00e7\u00e3o do Grupo de Resgate Aerom\u00e9dico Estadual (Grame) para compor a Rede de Urg\u00eancia e Emerg\u00eancia da Para\u00edba. O servi\u00e7o \u00e9 resultante de uma coopera\u00e7\u00e3o entre a SES e a Secretaria de Estado da Seguran\u00e7a e da Defesa Social (Sesds).&nbsp;&nbsp;<\/p>\n\n\n\n<p>De acordo com a coordenadora de Urg\u00eancia e Emerg\u00eancia da SES, D\u00e9bora Gomes, a unidade ser\u00e1 tripulada, inicialmente, pela equipe do Corpo de Bombeiros e pela Pol\u00edcia Militar. Ela afirma que, atualmente, os dois \u00f3rg\u00e3os j\u00e1 realizam o servi\u00e7o de resgate. A diferen\u00e7a \u00e9 que agora o servi\u00e7o vai funcionar como um suporte avan\u00e7ado de vida a\u00e9reo, com equipe m\u00e9dica e utiliza\u00e7\u00e3o de insumos, medicamentos.&nbsp;&nbsp;<\/p>\n\n\n\n<p>\u201cA proposta desse servi\u00e7o \u00e9 fazer, al\u00e9m do resgate, a assist\u00eancia m\u00e9dica. Inclusive tem um perfil desses m\u00e9dicos que estar\u00e3o tripulando a aeronave. Tem que ser cirurgi\u00e3o, ter experi\u00eancia com terapia intensiva, com urg\u00eancia e emerg\u00eancia, para que consiga, na cena da ocorr\u00eancia, j\u00e1 come\u00e7ar algum tipo de interven\u00e7\u00e3o\u201d, explica.&nbsp;&nbsp;<\/p>\n\n\n\n<p>A coordenadora alerta que existe um perfil de resgate de suporte avan\u00e7ado via a\u00e9rea. O sistema de regula\u00e7\u00e3o utilizado ser\u00e1 o do Samu e o servi\u00e7o poder\u00e1 ser acionado pelos n\u00fameros 190, 192 e 193.<\/p>\n\n\n\n<p>D\u00e9bora Gomes afirma ainda que a proposta \u00e9 que a aeronave voe de suporte para socorro apenas na regi\u00e3o da 1\u00aa Macrorregi\u00e3o de Sa\u00fade pela quest\u00e3o do tempo\/resposta. \u201cSe a gente for voar para Patos, uma unidade suporte via terrestre vai chegar mais r\u00e1pido que a aeronave\u201d, observa.&nbsp;&nbsp;<\/p>\n\n\n\n<p>O secret\u00e1rio de Sa\u00fade da Para\u00edba, Geraldo Medeiros, pontua a a\u00e7\u00e3o como um grande avan\u00e7o para o Estado e destaca a import\u00e2ncia do servi\u00e7o. Ele afirma ainda que a previs\u00e3o do Governo \u00e9 de, no futuro, realizar esse transporte aerovi\u00e1rio tamb\u00e9m com avi\u00e3o.<\/p>\n\n\n\n<p>\u201cSabemos que o raio de a\u00e7\u00e3o do helic\u00f3ptero \u00e9 de 30 minutos. Com um avi\u00e3o, esse raio ampliaria. Al\u00e9m disso, um estado com 223 munic\u00edpios h\u00e1 a necessidade de se efetivar um transporte de avi\u00e3o. N\u00f3s que trabalhamos com Trauma desde a d\u00e9cada de 90, temos exatamente a ideia da import\u00e2ncia de um transporte aerom\u00e9dico. Com certeza vai salvar muitas vidas\u201d, completa.&nbsp;&nbsp;<\/p>\n\n\n\n<p>A delibera\u00e7\u00e3o foi aprovada em CIB por todos os munic\u00edpios. O pr\u00f3ximo passo \u00e9 a publica\u00e7\u00e3o da portaria para o servi\u00e7o come\u00e7ar a operar. A inten\u00e7\u00e3o \u00e9 que o Grame seja implantado antes do carnaval.<\/p>\n","protected":false},"excerpt":{"rendered":"<p>O Governo do Estado, por meio da Secretaria de Estado da Sa\u00fade (SES), aprovou nessa segunda-feira (3), em reuni\u00e3o da Comiss\u00e3o de Intergestores Bipartite (CIB),&hellip; <\/p>\n","protected":false},"author":1,"featured_media":151475,"comment_status":"closed","ping_status":"closed","sticky":false,"template":"","format":"standard","meta":{"sfsi_plus_gutenberg_text_before_share":"","sfsi_plus_gutenberg_show_text_before_share":"","sfsi_plus_gutenberg_icon_type":"","sfsi_plus_gutenberg_icon_alignemt":"","sfsi_plus_gutenburg_max_per_row":"","footnotes":""},"categories":[2],"tags":[],"class_list":["post-151474","post","type-post","status-publish","format-standard","has-post-thumbnail","hentry","category-geral"],"_links":{"self":[{"href":"https:\/\/www.caririemacao.com\/1\/wp-json\/wp\/v2\/posts\/151474","targetHints":{"allow":["GET"]}}],"collection":[{"href":"https:\/\/www.caririemacao.com\/1\/wp-json\/wp\/v2\/posts"}],"about":[{"href":"https:\/\/www.caririemacao.com\/1\/wp-json\/wp\/v2\/types\/post"}],"author":[{"embeddable":true,"href":"https:\/\/www.caririemacao.com\/1\/wp-json\/wp\/v2\/users\/1"}],"replies":[{"embeddable":true,"href":"https:\/\/www.caririemacao.com\/1\/wp-json\/wp\/v2\/comments?post=151474"}],"version-history":[{"count":1,"href":"https:\/\/www.caririemacao.com\/1\/wp-json\/wp\/v2\/posts\/151474\/revisions"}],"predecessor-version":[{"id":151476,"href":"https:\/\/www.caririemacao.com\/1\/wp-json\/wp\/v2\/posts\/151474\/revisions\/151476"}],"wp:featuredmedia":[{"embeddable":true,"href":"https:\/\/www.caririemacao.com\/1\/wp-json\/wp\/v2\/media\/151475"}],"wp:attachment":[{"href":"https:\/\/www.caririemacao.com\/1\/wp-json\/wp\/v2\/media?parent=151474"}],"wp:term":[{"taxonomy":"category","embeddable":true,"href":"https:\/\/www.caririemacao.com\/1\/wp-json\/wp\/v2\/categories?post=151474"},{"taxonomy":"post_tag","embeddable":true,"href":"https:\/\/www.caririemacao.com\/1\/wp-json\/wp\/v2\/tags?post=151474"}],"curies":[{"name":"wp","href":"https:\/\/api.w.org\/{rel}","templated":true}]}}