{"id":151479,"date":"2020-02-04T13:40:08","date_gmt":"2020-02-04T16:40:08","guid":{"rendered":"http:\/\/www.caririemacao.com\/1\/?p=151479"},"modified":"2020-02-04T13:40:10","modified_gmt":"2020-02-04T16:40:10","slug":"redetv-muda-estrategia-e-sikera-junior-e-escalado-para-concorrer-com-eliana-e-rodrigo-faro","status":"publish","type":"post","link":"https:\/\/www.caririemacao.com\/1\/2020\/02\/04\/redetv-muda-estrategia-e-sikera-junior-e-escalado-para-concorrer-com-eliana-e-rodrigo-faro\/","title":{"rendered":"RedeTV! muda estrat\u00e9gia e Sik\u00eara J\u00fanior \u00e9 escalado para concorrer com Eliana e Rodrigo Faro"},"content":{"rendered":"\n<p>A RedeTV! resolveu mudar a estrat\u00e9gia para alavancar maior audi\u00eancia e escalou o apresentador Sik\u00eara J\u00fanior para disputar audi\u00eancia com os apresentadores Rodrigo Faro e Eliana. O programa Alerta Nacional foi exibido no&nbsp;\u00faltimo domingo (2), em uma maratona entre 12h e 17h.&nbsp;<\/p>\n\n\n\n<p>Sik\u00eara J\u00fanior \u00e9 a nova aposta da TV Pampa, afiliada da RedeTV! no Rio Grande do Sul, para a guerra de audi\u00eancia dominical.&nbsp;O jornal\u00edstico&nbsp;n\u00e3o \u00e9 exibido diariamente pela RedeTV! ga\u00facha.&nbsp;Por l\u00e1, s\u00e3o veiculados tr\u00eas programas locais na faixa hor\u00e1ria ocupada pelo programa na Grande S\u00e3o Paulo: Pampa Debates, Jornal da Pampa e Atualidades Pampa.<\/p>\n\n\n\n<p>Com apenas quatro edi\u00e7\u00f5es exibidas, o Alerta Nacional j\u00e1 mais do que dobrou os \u00edndices da emissora entre 18h e 19h30. Com picos superiores a 2 pontos, a atra\u00e7\u00e3o j\u00e1 \u00e9 uma das maiores audi\u00eancias da emissora.&nbsp;<\/p>\n","protected":false},"excerpt":{"rendered":"<p>A RedeTV! resolveu mudar a estrat\u00e9gia para alavancar maior audi\u00eancia e escalou o apresentador Sik\u00eara J\u00fanior para disputar audi\u00eancia com os apresentadores Rodrigo Faro e&hellip; <\/p>\n","protected":false},"author":1,"featured_media":151480,"comment_status":"closed","ping_status":"closed","sticky":false,"template":"","format":"standard","meta":{"sfsi_plus_gutenberg_text_before_share":"","sfsi_plus_gutenberg_show_text_before_share":"","sfsi_plus_gutenberg_icon_type":"","sfsi_plus_gutenberg_icon_alignemt":"","sfsi_plus_gutenburg_max_per_row":"","footnotes":""},"categories":[2],"tags":[],"class_list":["post-151479","post","type-post","status-publish","format-standard","has-post-thumbnail","hentry","category-geral"],"_links":{"self":[{"href":"https:\/\/www.caririemacao.com\/1\/wp-json\/wp\/v2\/posts\/151479","targetHints":{"allow":["GET"]}}],"collection":[{"href":"https:\/\/www.caririemacao.com\/1\/wp-json\/wp\/v2\/posts"}],"about":[{"href":"https:\/\/www.caririemacao.com\/1\/wp-json\/wp\/v2\/types\/post"}],"author":[{"embeddable":true,"href":"https:\/\/www.caririemacao.com\/1\/wp-json\/wp\/v2\/users\/1"}],"replies":[{"embeddable":true,"href":"https:\/\/www.caririemacao.com\/1\/wp-json\/wp\/v2\/comments?post=151479"}],"version-history":[{"count":1,"href":"https:\/\/www.caririemacao.com\/1\/wp-json\/wp\/v2\/posts\/151479\/revisions"}],"predecessor-version":[{"id":151481,"href":"https:\/\/www.caririemacao.com\/1\/wp-json\/wp\/v2\/posts\/151479\/revisions\/151481"}],"wp:featuredmedia":[{"embeddable":true,"href":"https:\/\/www.caririemacao.com\/1\/wp-json\/wp\/v2\/media\/151480"}],"wp:attachment":[{"href":"https:\/\/www.caririemacao.com\/1\/wp-json\/wp\/v2\/media?parent=151479"}],"wp:term":[{"taxonomy":"category","embeddable":true,"href":"https:\/\/www.caririemacao.com\/1\/wp-json\/wp\/v2\/categories?post=151479"},{"taxonomy":"post_tag","embeddable":true,"href":"https:\/\/www.caririemacao.com\/1\/wp-json\/wp\/v2\/tags?post=151479"}],"curies":[{"name":"wp","href":"https:\/\/api.w.org\/{rel}","templated":true}]}}