{"id":151503,"date":"2020-02-05T00:09:27","date_gmt":"2020-02-05T03:09:27","guid":{"rendered":"http:\/\/www.caririemacao.com\/1\/?p=151503"},"modified":"2020-02-05T00:21:07","modified_gmt":"2020-02-05T03:21:07","slug":"caraubas-na-1a-sessao-do-ano-camara-de-vereadores-inicia-debates-acerca-de-abertura-de-credito-especial-para-varias-obras-em-caraubas","status":"publish","type":"post","link":"https:\/\/www.caririemacao.com\/1\/2020\/02\/05\/caraubas-na-1a-sessao-do-ano-camara-de-vereadores-inicia-debates-acerca-de-abertura-de-credito-especial-para-varias-obras-em-caraubas\/","title":{"rendered":"Na 1\u00aa sess\u00e3o do ano, C\u00e2mara de Cara\u00fabas inicia debates acerca de abertura de Cr\u00e9dito Especial para v\u00e1rias obras no munic\u00edpio"},"content":{"rendered":"\n<p>O Poder Legislativo caraubense se reuniu na noite desta ter\u00e7a-feira (04), para a primeira sess\u00e3o ordin\u00e1ria de 2020. A reuni\u00e3o que teve \u00e0 presid\u00eancia do vereador Jos\u00e9 Franconero (Nero) e a presen\u00e7a de mais cinco vereadores: Neide, Teinha, Bazoca, Nerivan e Tom\u00e1s, iniciou o debate sobre 02 importantes projetos de lei de iniciativa do prefeito Silvano Dudu.<\/p>\n\n\n\n<p>Na pauta da reuni\u00e3o, constou o Projeto de Lei que tem como objetivo a abertura de Cr\u00e9dito Especial para que o prefeito Silvano construa, amplie e recupere unidades escolares. Os vereadores tamb\u00e9m tomaram conhecimento do PL que tem como objeto a constru\u00e7\u00e3o de quadras poliesportivas, al\u00e9m da constru\u00e7\u00e3o, amplia\u00e7\u00e3o e recupera\u00e7\u00e3o de pra\u00e7as p\u00fablicas. <\/p>\n\n\n\n<figure class=\"wp-block-image size-large\"><img fetchpriority=\"high\" decoding=\"async\" width=\"959\" height=\"640\" src=\"http:\/\/www.caririemacao.com\/1\/wp-content\/uploads\/2020\/02\/84334898_1799996560136359_6352165336959156224_o.jpg\" alt=\"\" class=\"wp-image-151504\" srcset=\"https:\/\/www.caririemacao.com\/1\/wp-content\/uploads\/2020\/02\/84334898_1799996560136359_6352165336959156224_o.jpg 959w, https:\/\/www.caririemacao.com\/1\/wp-content\/uploads\/2020\/02\/84334898_1799996560136359_6352165336959156224_o-300x200.jpg 300w, https:\/\/www.caririemacao.com\/1\/wp-content\/uploads\/2020\/02\/84334898_1799996560136359_6352165336959156224_o-768x513.jpg 768w\" sizes=\"(max-width: 959px) 100vw, 959px\" \/><\/figure>\n\n\n\n<p>Durante a reuni\u00e3o, o presidente Nero abriu um espa\u00e7o para os moradores participarem e apresentarem seus projetos \u00e0 C\u00e2mara. Sendo assim, uma moradora chamada Maria do Carmo se pronunciou para falar sobre o seu projeto chamado &#8220;Pequenos do Senhor&#8221;, realizado na Igreja de S\u00e3o Jos\u00e9. No projeto apresentado, dona Maria do Carmo explicou que est\u00e1 sendo trabalhado o Evangelho com as crian\u00e7as, ensinando na igreja, a conviv\u00eancia social e religiosa, principalmente durante as missas, sendo promovidas oficinas e brincadeiras saud\u00e1veis entre elas. Neste sentido, o projeto buscar aproximar as crian\u00e7as, jovens e pais, \u00e0 igreja e seus ensinamentos. <\/p>\n\n\n\n<p>Dona Maria relatou ainda que o projeto precisa de ajudas para ser ampliado e sua manuten\u00e7\u00e3o. Ela disse que para que projeto possa continuar, necessita-se de ajuda para a confec\u00e7\u00e3o de coletes, algo condicionante do projeto.<\/p>\n\n\n\n<figure class=\"wp-block-image size-large\"><img decoding=\"async\" width=\"959\" height=\"640\" data-src=\"http:\/\/www.caririemacao.com\/1\/wp-content\/uploads\/2020\/02\/84433980_1799997486802933_7714869927819083776_o.jpg\" alt=\"\" class=\"wp-image-151506 lazyload\" data-srcset=\"https:\/\/www.caririemacao.com\/1\/wp-content\/uploads\/2020\/02\/84433980_1799997486802933_7714869927819083776_o.jpg 959w, https:\/\/www.caririemacao.com\/1\/wp-content\/uploads\/2020\/02\/84433980_1799997486802933_7714869927819083776_o-300x200.jpg 300w, https:\/\/www.caririemacao.com\/1\/wp-content\/uploads\/2020\/02\/84433980_1799997486802933_7714869927819083776_o-768x513.jpg 768w\" data-sizes=\"(max-width: 959px) 100vw, 959px\" src=\"data:image\/svg+xml;base64,PHN2ZyB3aWR0aD0iMSIgaGVpZ2h0PSIxIiB4bWxucz0iaHR0cDovL3d3dy53My5vcmcvMjAwMC9zdmciPjwvc3ZnPg==\" style=\"--smush-placeholder-width: 959px; --smush-placeholder-aspect-ratio: 959\/640;\" \/><\/figure>\n\n\n\n<p>No final, o presidente Nero agradeceu a presen\u00e7a dos professores que participaram da sess\u00e3o e convidou todos para participar da pr\u00f3xima reuni\u00e3o que realizar-se-\u00e1 dia 18\/02.<\/p>\n\n\n\n<p><a href=\"https:\/\/www.facebook.com\/pg\/CaririEmAcao\/photos\/?tab=album&amp;album_id=1799995983469750\">CLIQUE E VEJA TODAS AS FOTOS.<\/a><\/p>\n","protected":false},"excerpt":{"rendered":"<p>O Poder Legislativo caraubense se reuniu na noite desta ter\u00e7a-feira (04), para a primeira sess\u00e3o ordin\u00e1ria de 2020. A reuni\u00e3o que teve \u00e0 presid\u00eancia do&hellip; <\/p>\n","protected":false},"author":1,"featured_media":151505,"comment_status":"closed","ping_status":"closed","sticky":false,"template":"","format":"standard","meta":{"sfsi_plus_gutenberg_text_before_share":"","sfsi_plus_gutenberg_show_text_before_share":"","sfsi_plus_gutenberg_icon_type":"","sfsi_plus_gutenberg_icon_alignemt":"","sfsi_plus_gutenburg_max_per_row":"","footnotes":""},"categories":[6,50],"tags":[],"class_list":["post-151503","post","type-post","status-publish","format-standard","has-post-thumbnail","hentry","category-cidades","category-destaque"],"_links":{"self":[{"href":"https:\/\/www.caririemacao.com\/1\/wp-json\/wp\/v2\/posts\/151503","targetHints":{"allow":["GET"]}}],"collection":[{"href":"https:\/\/www.caririemacao.com\/1\/wp-json\/wp\/v2\/posts"}],"about":[{"href":"https:\/\/www.caririemacao.com\/1\/wp-json\/wp\/v2\/types\/post"}],"author":[{"embeddable":true,"href":"https:\/\/www.caririemacao.com\/1\/wp-json\/wp\/v2\/users\/1"}],"replies":[{"embeddable":true,"href":"https:\/\/www.caririemacao.com\/1\/wp-json\/wp\/v2\/comments?post=151503"}],"version-history":[{"count":3,"href":"https:\/\/www.caririemacao.com\/1\/wp-json\/wp\/v2\/posts\/151503\/revisions"}],"predecessor-version":[{"id":151510,"href":"https:\/\/www.caririemacao.com\/1\/wp-json\/wp\/v2\/posts\/151503\/revisions\/151510"}],"wp:featuredmedia":[{"embeddable":true,"href":"https:\/\/www.caririemacao.com\/1\/wp-json\/wp\/v2\/media\/151505"}],"wp:attachment":[{"href":"https:\/\/www.caririemacao.com\/1\/wp-json\/wp\/v2\/media?parent=151503"}],"wp:term":[{"taxonomy":"category","embeddable":true,"href":"https:\/\/www.caririemacao.com\/1\/wp-json\/wp\/v2\/categories?post=151503"},{"taxonomy":"post_tag","embeddable":true,"href":"https:\/\/www.caririemacao.com\/1\/wp-json\/wp\/v2\/tags?post=151503"}],"curies":[{"name":"wp","href":"https:\/\/api.w.org\/{rel}","templated":true}]}}