{"id":151515,"date":"2020-02-05T07:16:42","date_gmt":"2020-02-05T10:16:42","guid":{"rendered":"http:\/\/www.caririemacao.com\/1\/?p=151515"},"modified":"2020-02-05T07:16:45","modified_gmt":"2020-02-05T10:16:45","slug":"cagepa-propoe-aumento-de-quase-10-na-conta-de-agua","status":"publish","type":"post","link":"https:\/\/www.caririemacao.com\/1\/2020\/02\/05\/cagepa-propoe-aumento-de-quase-10-na-conta-de-agua\/","title":{"rendered":"Cagepa prop\u00f5e aumento de quase 10% na conta de \u00e1gua"},"content":{"rendered":"\n<p>A Cagepa (Companhia de \u00c1gua e Esgotos da Para\u00edba) apresentou uma proposta de reajuste na tarifa de \u00e1gua de 9,6%.<\/p>\n\n\n\n<p>A inten\u00e7\u00e3o de acr\u00e9scimo foi anunciada na tarde desta ter\u00e7a-feira (4) durante uma audi\u00eancia p\u00fablica.<\/p>\n\n\n\n<p>De acordo com o presidente da companhia, Marcus Vin\u00edcius Neves, o \u00faltimo reajuste foi feito em fevereiro de 2017.<\/p>\n\n\n\n<p>\u2013 De l\u00e1 pra c\u00e1, n\u00e3o tivemos nenhum tipo de reajustamento, mesmo tendo nesse per\u00edodo o aumento de uma s\u00e9rie de insumos \u2013 disse.<\/p>\n\n\n\n<p>Neves justificou ainda que o aumento \u00e9 necess\u00e1rio para que a companhia possa dar continuidade ao processo de crescimento, de atendimento da popula\u00e7\u00e3o e de melhoria da qualidade no abastecimento d\u2019\u00e1gua e no esgotamento sanit\u00e1rio.<\/p>\n\n\n\n<p>Por fim, o presidente considerou que a realiza\u00e7\u00e3o da audi\u00eancia era n\u00e3o s\u00f3 necess\u00e1ria para o cumprimento da lei, mas tamb\u00e9m para demonstrar para a sociedade a transpar\u00eancia da companhia em rela\u00e7\u00e3o a seus n\u00fameros.<\/p>\n\n\n\n<p>A proposta ser\u00e1 analisada pela Ag\u00eancia de Regula\u00e7\u00e3o da Para\u00edba (ARPB).<\/p>\n\n\n\n<p>* Com informa\u00e7\u00f5es da TV Cabo Branco<\/p>\n","protected":false},"excerpt":{"rendered":"<p>A Cagepa (Companhia de \u00c1gua e Esgotos da Para\u00edba) apresentou uma proposta de reajuste na tarifa de \u00e1gua de 9,6%. A inten\u00e7\u00e3o de acr\u00e9scimo foi&hellip; <\/p>\n","protected":false},"author":1,"featured_media":18051,"comment_status":"closed","ping_status":"closed","sticky":false,"template":"","format":"standard","meta":{"sfsi_plus_gutenberg_text_before_share":"","sfsi_plus_gutenberg_show_text_before_share":"","sfsi_plus_gutenberg_icon_type":"","sfsi_plus_gutenberg_icon_alignemt":"","sfsi_plus_gutenburg_max_per_row":"","footnotes":""},"categories":[50,2],"tags":[],"class_list":["post-151515","post","type-post","status-publish","format-standard","has-post-thumbnail","hentry","category-destaque","category-geral"],"_links":{"self":[{"href":"https:\/\/www.caririemacao.com\/1\/wp-json\/wp\/v2\/posts\/151515","targetHints":{"allow":["GET"]}}],"collection":[{"href":"https:\/\/www.caririemacao.com\/1\/wp-json\/wp\/v2\/posts"}],"about":[{"href":"https:\/\/www.caririemacao.com\/1\/wp-json\/wp\/v2\/types\/post"}],"author":[{"embeddable":true,"href":"https:\/\/www.caririemacao.com\/1\/wp-json\/wp\/v2\/users\/1"}],"replies":[{"embeddable":true,"href":"https:\/\/www.caririemacao.com\/1\/wp-json\/wp\/v2\/comments?post=151515"}],"version-history":[{"count":1,"href":"https:\/\/www.caririemacao.com\/1\/wp-json\/wp\/v2\/posts\/151515\/revisions"}],"predecessor-version":[{"id":151516,"href":"https:\/\/www.caririemacao.com\/1\/wp-json\/wp\/v2\/posts\/151515\/revisions\/151516"}],"wp:featuredmedia":[{"embeddable":true,"href":"https:\/\/www.caririemacao.com\/1\/wp-json\/wp\/v2\/media\/18051"}],"wp:attachment":[{"href":"https:\/\/www.caririemacao.com\/1\/wp-json\/wp\/v2\/media?parent=151515"}],"wp:term":[{"taxonomy":"category","embeddable":true,"href":"https:\/\/www.caririemacao.com\/1\/wp-json\/wp\/v2\/categories?post=151515"},{"taxonomy":"post_tag","embeddable":true,"href":"https:\/\/www.caririemacao.com\/1\/wp-json\/wp\/v2\/tags?post=151515"}],"curies":[{"name":"wp","href":"https:\/\/api.w.org\/{rel}","templated":true}]}}