{"id":151525,"date":"2020-02-05T07:19:52","date_gmt":"2020-02-05T10:19:52","guid":{"rendered":"http:\/\/www.caririemacao.com\/1\/?p=151525"},"modified":"2020-02-05T07:19:53","modified_gmt":"2020-02-05T10:19:53","slug":"brasil-tera-mais-de-600-mil-novos-casos-de-cancer-por-ano-revela-inca","status":"publish","type":"post","link":"https:\/\/www.caririemacao.com\/1\/2020\/02\/05\/brasil-tera-mais-de-600-mil-novos-casos-de-cancer-por-ano-revela-inca\/","title":{"rendered":"Brasil ter\u00e1 mais de 600 mil novos casos de c\u00e2ncer por ano, revela Inca"},"content":{"rendered":"\n<p>O Brasil deve registrar cerca de 625 mil novos casos de c\u00e2ncer por ano de 2020 a 2022. A estimativa foi divulgada hoje (4) pelo Instituto Nacional de C\u00e2ncer (Inca).<\/p>\n\n\n\n<p>Somente entre a popula\u00e7\u00e3o infanto-juvenil s\u00e3o esperados 8.460 novos casos por ano no mesmo per\u00edodo.<\/p>\n\n\n\n<p>A publica\u00e7\u00e3o Estimativa de Incid\u00eancia de C\u00e2ncer no Brasil mostra que o c\u00e2ncer de pele n\u00e3o melanoma deve permanecer como o mais incidente, com a expectativa de 177 mil novos casos por ano.<\/p>\n\n\n\n<p>Em seguida, est\u00e1 com o c\u00e2ncer de mama pr\u00f3stata, com 66 mil casos cada; c\u00f3lon e reto, com 41 mil casos; traqueia, br\u00f4nquio e pulm\u00e3o, com 30 mil; e, est\u00f4mago, com 21 mil.<\/p>\n\n\n\n<p>De acordo com Inca, o Brasil apresenta um decl\u00ednio dos tipos de c\u00e2ncer associados a condi\u00e7\u00f5es socioecon\u00f4micas desfavor\u00e1veis. Em algumas regi\u00f5es, no entanto, as ocorr\u00eancias persistem. \u00c9 o caso do c\u00e2ncer de colo de \u00fatero, na Regi\u00e3o Norte.<\/p>\n\n\n\n<p>Enquanto no Brasil esse tipo de doen\u00e7a est\u00e1 em terceiro lugar, na incid\u00eancia entre mulheres, desconsiderando o c\u00e2ncer de pele n\u00e3o melanoma, no Norte \u00e9 o segundo mais incidente, atr\u00e1s apenas do c\u00e2ncer de mama.<\/p>\n\n\n\n<p>Um a cada tr\u00eas casos de c\u00e2ncer poderiam, segundo o Inca, ser evitados pela redu\u00e7\u00e3o ou elimina\u00e7\u00e3o de fatores de risco, como, por exemplo, tabagismo e obesidade.<\/p>\n\n\n\n<p>Atividades f\u00edsicas, cuidados com a exposi\u00e7\u00e3o ao sol e alimenta\u00e7\u00e3o saud\u00e1vel com frutas, vegetais e hortali\u00e7as frescos, evitando alimentos ultraprocessados, tamb\u00e9m podem ajudar a evitar o c\u00e2ncer.<\/p>\n\n\n\n<p>Aumento da estimativa<br>A estimativa para o pr\u00f3ximo tri\u00eanio aumentou em rela\u00e7\u00e3o \u00e0 \u00faltima proje\u00e7\u00e3o, quando 600 mil novos casos eram esperados por ano em 2018 e 2019.<\/p>\n\n\n\n<p>A primeira publica\u00e7\u00e3o \u00e9 feita para o tri\u00eanio. Antes, a proje\u00e7\u00e3o era calculada a cada dois anos.A mudan\u00e7a ocorreu devido \u00e0 disponibilidade de informa\u00e7\u00f5es, mais confi\u00e1veis.<\/p>\n\n\n\n<p>O instituto tamb\u00e9m calculou a incid\u00eancia da doen\u00e7a para a popula\u00e7\u00e3o infantojuvenil. Segundo o instituto, ar maior incid\u00eancia pode ocorrer entre meninos, com 4.310 novos casos por ano.<\/p>\n\n\n\n<p>Entre meninas, devem ser registrados 4.150 novos casos. A incid\u00eancia dever\u00e1 ser maior na Regi\u00e3o Sul, seguida pelas regi\u00f5es Sudeste, Centro-Oeste, Nordeste e Norte.<\/p>\n\n\n\n<p>De acordo com o Inca, o recorte para a popula\u00e7\u00e3o mais jovem permite aprimorar as a\u00e7\u00f5es de<\/p>\n\n\n\n<p>sa\u00fade p\u00fablica e controle da doen\u00e7a neste p\u00fablico. Se diagnosticados precocemente e tratados em centros especializados, 80% das crian\u00e7as e adolescentes podem ser curados.<\/p>\n","protected":false},"excerpt":{"rendered":"<p>O Brasil deve registrar cerca de 625 mil novos casos de c\u00e2ncer por ano de 2020 a 2022. A estimativa foi divulgada hoje (4) pelo&hellip; <\/p>\n","protected":false},"author":1,"featured_media":95906,"comment_status":"closed","ping_status":"closed","sticky":false,"template":"","format":"standard","meta":{"sfsi_plus_gutenberg_text_before_share":"","sfsi_plus_gutenberg_show_text_before_share":"","sfsi_plus_gutenberg_icon_type":"","sfsi_plus_gutenberg_icon_alignemt":"","sfsi_plus_gutenburg_max_per_row":"","footnotes":""},"categories":[16],"tags":[],"class_list":["post-151525","post","type-post","status-publish","format-standard","has-post-thumbnail","hentry","category-saude"],"_links":{"self":[{"href":"https:\/\/www.caririemacao.com\/1\/wp-json\/wp\/v2\/posts\/151525","targetHints":{"allow":["GET"]}}],"collection":[{"href":"https:\/\/www.caririemacao.com\/1\/wp-json\/wp\/v2\/posts"}],"about":[{"href":"https:\/\/www.caririemacao.com\/1\/wp-json\/wp\/v2\/types\/post"}],"author":[{"embeddable":true,"href":"https:\/\/www.caririemacao.com\/1\/wp-json\/wp\/v2\/users\/1"}],"replies":[{"embeddable":true,"href":"https:\/\/www.caririemacao.com\/1\/wp-json\/wp\/v2\/comments?post=151525"}],"version-history":[{"count":1,"href":"https:\/\/www.caririemacao.com\/1\/wp-json\/wp\/v2\/posts\/151525\/revisions"}],"predecessor-version":[{"id":151526,"href":"https:\/\/www.caririemacao.com\/1\/wp-json\/wp\/v2\/posts\/151525\/revisions\/151526"}],"wp:featuredmedia":[{"embeddable":true,"href":"https:\/\/www.caririemacao.com\/1\/wp-json\/wp\/v2\/media\/95906"}],"wp:attachment":[{"href":"https:\/\/www.caririemacao.com\/1\/wp-json\/wp\/v2\/media?parent=151525"}],"wp:term":[{"taxonomy":"category","embeddable":true,"href":"https:\/\/www.caririemacao.com\/1\/wp-json\/wp\/v2\/categories?post=151525"},{"taxonomy":"post_tag","embeddable":true,"href":"https:\/\/www.caririemacao.com\/1\/wp-json\/wp\/v2\/tags?post=151525"}],"curies":[{"name":"wp","href":"https:\/\/api.w.org\/{rel}","templated":true}]}}