{"id":151538,"date":"2020-02-05T07:26:28","date_gmt":"2020-02-05T10:26:28","guid":{"rendered":"http:\/\/www.caririemacao.com\/1\/?p=151538"},"modified":"2020-02-05T07:26:30","modified_gmt":"2020-02-05T10:26:30","slug":"ex-prefeito-do-congo-confirma-pre-candidatura-a-camara-de-vereadores-nas-eleicoes-deste-ano","status":"publish","type":"post","link":"https:\/\/www.caririemacao.com\/1\/2020\/02\/05\/ex-prefeito-do-congo-confirma-pre-candidatura-a-camara-de-vereadores-nas-eleicoes-deste-ano\/","title":{"rendered":"Ex-prefeito do Congo confirma pr\u00e9-candidatura \u00e0 C\u00e2mara de Vereadores nas elei\u00e7\u00f5es deste ano"},"content":{"rendered":"\n<p>O ex-prefeito do Congo, Braz Fernandes de Oliveira, pretende retornar a cena pol\u00edtica de seu munic\u00edpio oferecendo seu nome a uma das vagas \u00e0 C\u00e2mara de Vereadores. Braz confirmou em contato com a reportagem do portal De Olho no Cariri sua inten\u00e7\u00e3o de disputar o Legislativo congolense, oferecendo \u00e0 popula\u00e7\u00e3o uma hist\u00f3ria de servi\u00e7os prestados e dedica\u00e7\u00e3o \u00e0 cidade das \u00e1guas.<\/p>\n\n\n\n<p>Braz Fernandes j\u00e1 foi prefeito do Congo por tr\u00eas vezes, vice-prefeito, secret\u00e1rio de administra\u00e7\u00e3o do antigo IAPAS e fundador e presidente da AMCAP por v\u00e1rias oportunidades.<\/p>\n\n\n\n<p>Foi o ex-gestor o respons\u00e1vel pela constru\u00e7\u00e3o do A\u00e7ude Cordeiro, um dos maiores reservat\u00f3rios da regi\u00e3o do Cariri, e ainda pela constru\u00e7\u00e3o de v\u00e1rios outros mananciais na zona rural, o que lhe rendeu o t\u00edtulo de prefeito das \u00e1guas quando esteve \u00e0 frente da Administra\u00e7\u00e3o do Congo.<\/p>\n\n\n\n<p>Braz que est\u00e1 filiado ao MDB ressaltou que sua inten\u00e7\u00e3o de disputar uma vaga \u00e0 C\u00e2mara de Vereadores do Congo \u00e9 desenvolver projetos que venham favorecer \u00e0 popula\u00e7\u00e3o, prestar uma assist\u00eancia maior aos mun\u00edcipes e ser uma voz ativa do Congo em seus novos desafios.<\/p>\n\n\n\n<p>\u201cEu converso muito com as pessoas e o sentimento que tenho \u00e9 de que o povo quer sentir firmeza em sua representatividade. Quer ver iniciativas que favore\u00e7am seus interesses e uma pol\u00edtica forte e comprometida com as demandas populares. \u00c9 a isso que me proponho\u201d, pontuou.<\/p>\n\n\n\n<p><strong>De Olho no Cariri<\/strong><\/p>\n","protected":false},"excerpt":{"rendered":"<p>O ex-prefeito do Congo, Braz Fernandes de Oliveira, pretende retornar a cena pol\u00edtica de seu munic\u00edpio oferecendo seu nome a uma das vagas \u00e0 C\u00e2mara&hellip; <\/p>\n","protected":false},"author":1,"featured_media":151539,"comment_status":"closed","ping_status":"closed","sticky":false,"template":"","format":"standard","meta":{"sfsi_plus_gutenberg_text_before_share":"","sfsi_plus_gutenberg_show_text_before_share":"","sfsi_plus_gutenberg_icon_type":"","sfsi_plus_gutenberg_icon_alignemt":"","sfsi_plus_gutenburg_max_per_row":"","footnotes":""},"categories":[6],"tags":[],"class_list":["post-151538","post","type-post","status-publish","format-standard","has-post-thumbnail","hentry","category-cidades"],"_links":{"self":[{"href":"https:\/\/www.caririemacao.com\/1\/wp-json\/wp\/v2\/posts\/151538","targetHints":{"allow":["GET"]}}],"collection":[{"href":"https:\/\/www.caririemacao.com\/1\/wp-json\/wp\/v2\/posts"}],"about":[{"href":"https:\/\/www.caririemacao.com\/1\/wp-json\/wp\/v2\/types\/post"}],"author":[{"embeddable":true,"href":"https:\/\/www.caririemacao.com\/1\/wp-json\/wp\/v2\/users\/1"}],"replies":[{"embeddable":true,"href":"https:\/\/www.caririemacao.com\/1\/wp-json\/wp\/v2\/comments?post=151538"}],"version-history":[{"count":1,"href":"https:\/\/www.caririemacao.com\/1\/wp-json\/wp\/v2\/posts\/151538\/revisions"}],"predecessor-version":[{"id":151540,"href":"https:\/\/www.caririemacao.com\/1\/wp-json\/wp\/v2\/posts\/151538\/revisions\/151540"}],"wp:featuredmedia":[{"embeddable":true,"href":"https:\/\/www.caririemacao.com\/1\/wp-json\/wp\/v2\/media\/151539"}],"wp:attachment":[{"href":"https:\/\/www.caririemacao.com\/1\/wp-json\/wp\/v2\/media?parent=151538"}],"wp:term":[{"taxonomy":"category","embeddable":true,"href":"https:\/\/www.caririemacao.com\/1\/wp-json\/wp\/v2\/categories?post=151538"},{"taxonomy":"post_tag","embeddable":true,"href":"https:\/\/www.caririemacao.com\/1\/wp-json\/wp\/v2\/tags?post=151538"}],"curies":[{"name":"wp","href":"https:\/\/api.w.org\/{rel}","templated":true}]}}