{"id":151543,"date":"2020-02-05T07:27:57","date_gmt":"2020-02-05T10:27:57","guid":{"rendered":"http:\/\/www.caririemacao.com\/1\/?p=151543"},"modified":"2020-02-05T07:27:59","modified_gmt":"2020-02-05T10:27:59","slug":"relator-quer-taxar-dividendo-e-tornar-13o-do-bolsa-familia-permanente","status":"publish","type":"post","link":"https:\/\/www.caririemacao.com\/1\/2020\/02\/05\/relator-quer-taxar-dividendo-e-tornar-13o-do-bolsa-familia-permanente\/","title":{"rendered":"Relator quer taxar dividendo e tornar 13\u00ba do Bolsa Fam\u00edlia permanente"},"content":{"rendered":"\n<p>Para bancar a amplia\u00e7\u00e3o de benef\u00edcios no Bolsa Fam\u00edlia e no BPC (pago a idosos carentes e deficientes), o senador Randolfe Rodrigues (Rede-AP), relator da medida provis\u00f3ria que instituiu a 13\u00aa parcela do Bolsa Fam\u00edlia no ano passado, prop\u00f4s a cobran\u00e7a de Imposto de Renda sobre a distribui\u00e7\u00e3o de lucros e dividendos.<\/p>\n\n\n\n<p>Segundo c\u00e1lculos de t\u00e9cnicos do Congresso, essa medida poderia elevar a arrecada\u00e7\u00e3o entre R$ 97 bilh\u00f5es e R$ 124 bilh\u00f5es neste ano. Esse dinheiro, de acordo com a previs\u00e3o, seria distribu\u00eddo entre Uni\u00e3o (51%) e estados e munic\u00edpios (49%).<\/p>\n\n\n\n<p>O relat\u00f3rio, entregue nesta ter\u00e7a-feira (4), mas que s\u00f3 deve ser lido na quarta (5), prop\u00f5e a incid\u00eancia da al\u00edquota de 15% para os lucros ou dividendos pagos ou creditados pelas pessoas jur\u00eddicas tributadas com base no lucro real, presumido ou arbitrado.<\/p>\n\n\n\n<p>A proposta enfrenta resist\u00eancia no Congresso e h\u00e1 expectativa do governo de que ela caduque. Ela perde a validade no dia 24 de mar\u00e7o.<\/p>\n\n\n\n<p>Hoje, os lucros e dividendos n\u00e3o est\u00e3o sujeitos \u00e0 incid\u00eancia do Imposto de Renda na fonte, nem integram a base de c\u00e1lculo do imposto de renda do benefici\u00e1rio.<br>A medida provis\u00f3ria foi editada pelo presidente Jair Bolsonaro (sem partido) para viabilizar o pagamento da 13\u00aa parcela aos benefici\u00e1rios do Bolsa Fam\u00edlia no ano passado.<\/p>\n\n\n\n<p>Parlamentares, contudo, querem aproveitar a proposta para aprovar um pacote de bondades \u00e0 popula\u00e7\u00e3o mais carente.<\/p>\n\n\n\n<p>Atendendo a emendas, Rodrigues prop\u00f4s que o 13\u00ba do Bolsa Fam\u00edlia se torne permanente, o que for\u00e7a o governo a elevar o or\u00e7amento do programa j\u00e1 para 2020.&nbsp;<\/p>\n\n\n\n<p>Al\u00e9m disso, o relat\u00f3rio prev\u00ea que o valor pago pelo Bolsa Fam\u00edlia passe a ser corrigido automaticamente pela infla\u00e7\u00e3o. Essa obriga\u00e7\u00e3o n\u00e3o existe atualmente.<br>O relator tamb\u00e9m quer que idosos carentes e deficientes possam receber um 13\u00ba do BPC \u2013 benef\u00edcio no valor de um sal\u00e1rio m\u00ednimo.<\/p>\n\n\n\n<p>T\u00e9cnicos do Congresso estimam que essas medidas tenham um impacto de R$ 8,68 bilh\u00f5es por ano. Somente o 13\u00ba do BPC representa um aumento de R$ 5 bilh\u00f5es por ano nos gastos p\u00fablicos.<\/p>\n\n\n\n<p>Integrantes do governo s\u00e3o contr\u00e1rios a essas benesses inclu\u00eddas na medida provis\u00f3ria, pois o Or\u00e7amento est\u00e1 pressionado por despesas obrigat\u00f3rias e est\u00e1 no limite do teto de gastos.<\/p>\n\n\n\n<p>Para tentar aprovar o aumento de benef\u00edcios, o relator, portanto, fez sugest\u00f5es de financiamento da amplia\u00e7\u00e3o no Bolsa Fam\u00edlia e do BPC.<\/p>\n\n\n\n<p>O or\u00e7amento do Bolsa Fam\u00edlia em 2020 \u00e9 de R$ 29,5 bilh\u00f5es, bem abaixo dos R$ 32,5 bilh\u00f5es desembolsados no ano passado. O governo ainda estuda como ampliar a verba do programa para pagar a 13\u00aa parcela neste ano, que ainda n\u00e3o est\u00e1 garantida.<\/p>\n","protected":false},"excerpt":{"rendered":"<p>Para bancar a amplia\u00e7\u00e3o de benef\u00edcios no Bolsa Fam\u00edlia e no BPC (pago a idosos carentes e deficientes), o senador Randolfe Rodrigues (Rede-AP), relator da&hellip; <\/p>\n","protected":false},"author":1,"featured_media":52971,"comment_status":"closed","ping_status":"closed","sticky":false,"template":"","format":"standard","meta":{"sfsi_plus_gutenberg_text_before_share":"","sfsi_plus_gutenberg_show_text_before_share":"","sfsi_plus_gutenberg_icon_type":"","sfsi_plus_gutenberg_icon_alignemt":"","sfsi_plus_gutenburg_max_per_row":"","footnotes":""},"categories":[2],"tags":[],"class_list":["post-151543","post","type-post","status-publish","format-standard","has-post-thumbnail","hentry","category-geral"],"_links":{"self":[{"href":"https:\/\/www.caririemacao.com\/1\/wp-json\/wp\/v2\/posts\/151543","targetHints":{"allow":["GET"]}}],"collection":[{"href":"https:\/\/www.caririemacao.com\/1\/wp-json\/wp\/v2\/posts"}],"about":[{"href":"https:\/\/www.caririemacao.com\/1\/wp-json\/wp\/v2\/types\/post"}],"author":[{"embeddable":true,"href":"https:\/\/www.caririemacao.com\/1\/wp-json\/wp\/v2\/users\/1"}],"replies":[{"embeddable":true,"href":"https:\/\/www.caririemacao.com\/1\/wp-json\/wp\/v2\/comments?post=151543"}],"version-history":[{"count":1,"href":"https:\/\/www.caririemacao.com\/1\/wp-json\/wp\/v2\/posts\/151543\/revisions"}],"predecessor-version":[{"id":151546,"href":"https:\/\/www.caririemacao.com\/1\/wp-json\/wp\/v2\/posts\/151543\/revisions\/151546"}],"wp:featuredmedia":[{"embeddable":true,"href":"https:\/\/www.caririemacao.com\/1\/wp-json\/wp\/v2\/media\/52971"}],"wp:attachment":[{"href":"https:\/\/www.caririemacao.com\/1\/wp-json\/wp\/v2\/media?parent=151543"}],"wp:term":[{"taxonomy":"category","embeddable":true,"href":"https:\/\/www.caririemacao.com\/1\/wp-json\/wp\/v2\/categories?post=151543"},{"taxonomy":"post_tag","embeddable":true,"href":"https:\/\/www.caririemacao.com\/1\/wp-json\/wp\/v2\/tags?post=151543"}],"curies":[{"name":"wp","href":"https:\/\/api.w.org\/{rel}","templated":true}]}}