{"id":151570,"date":"2020-02-05T07:42:49","date_gmt":"2020-02-05T10:42:49","guid":{"rendered":"http:\/\/www.caririemacao.com\/1\/?p=151570"},"modified":"2020-02-05T07:42:51","modified_gmt":"2020-02-05T10:42:51","slug":"casos-de-suspeita-de-infeccao-por-coronavirus-no-brasil-caem-de-14-para-13","status":"publish","type":"post","link":"https:\/\/www.caririemacao.com\/1\/2020\/02\/05\/casos-de-suspeita-de-infeccao-por-coronavirus-no-brasil-caem-de-14-para-13\/","title":{"rendered":"Casos de suspeita de infec\u00e7\u00e3o por coronav\u00edrus no Brasil caem de 14 para 13"},"content":{"rendered":"\n<p> Balan\u00e7o do Minist\u00e9rio da Sa\u00fade divulgado nesta ter\u00e7a-feira (4) aponta que caiu de 14 para 13 o n\u00famero de casos de suspeita de infec\u00e7\u00e3o pelo novo coronav\u00edrus identificado na China. N\u00e3o h\u00e1 registros confirmados at\u00e9 o momento.\u00a0<\/p>\n\n\n\n<p>J\u00e1 o n\u00famero de casos descartados passou de 13 para 16 casos. Os dados correspondem a informa\u00e7\u00f5es enviadas por secretarias de sa\u00fade at\u00e9 as 12h.<\/p>\n\n\n\n<p>Do total de casos em investiga\u00e7\u00e3o, seis foram registrados em S\u00e3o Paulo, quatro no Rio Grande do Sul, dois em Santa Catarina e um no Rio de Janeiro.<\/p>\n\n\n\n<p>O governo declarou nesta ter\u00e7a-feira emerg\u00eancia em sa\u00fade p\u00fablica por causa do novo coronav\u00edrus. A medida visa facilitar o retorno de brasileiros que vivem em Wuhan, epicentro da epidemia, e permitir a ado\u00e7\u00e3o de outras medidas para organizar a rede de sa\u00fade diante de poss\u00edveis casos.&nbsp;&nbsp;<\/p>\n\n\n\n<p>&#8220;N\u00e3o temos nenhum caso confirmado no Brasil. Mas dado o cen\u00e1rio internacional, entendemos que t\u00ednhamos que dar celeridade aos processos&#8221;, afirma o secret\u00e1rio de vigil\u00e2ncia em sa\u00fade, Wanderson Oliveira, sobre a declara\u00e7\u00e3o de emerg\u00eancia.<\/p>\n\n\n\n<p>No mundo, dados da OMS (Organiza\u00e7\u00e3o Mundial de Sa\u00fade) apontam que j\u00e1 foram confirmados 20.630 casos de infec\u00e7\u00e3o pelo v\u00edrus n-cov-2019. Desses, 20.471 ocorreram na China e 159 em outros pa\u00edses.&nbsp;<\/p>\n","protected":false},"excerpt":{"rendered":"<p>Balan\u00e7o do Minist\u00e9rio da Sa\u00fade divulgado nesta ter\u00e7a-feira (4) aponta que caiu de 14 para 13 o n\u00famero de casos de suspeita de infec\u00e7\u00e3o pelo&hellip; <\/p>\n","protected":false},"author":1,"featured_media":151571,"comment_status":"closed","ping_status":"closed","sticky":false,"template":"","format":"standard","meta":{"sfsi_plus_gutenberg_text_before_share":"","sfsi_plus_gutenberg_show_text_before_share":"","sfsi_plus_gutenberg_icon_type":"","sfsi_plus_gutenberg_icon_alignemt":"","sfsi_plus_gutenburg_max_per_row":"","footnotes":""},"categories":[16],"tags":[],"class_list":["post-151570","post","type-post","status-publish","format-standard","has-post-thumbnail","hentry","category-saude"],"_links":{"self":[{"href":"https:\/\/www.caririemacao.com\/1\/wp-json\/wp\/v2\/posts\/151570","targetHints":{"allow":["GET"]}}],"collection":[{"href":"https:\/\/www.caririemacao.com\/1\/wp-json\/wp\/v2\/posts"}],"about":[{"href":"https:\/\/www.caririemacao.com\/1\/wp-json\/wp\/v2\/types\/post"}],"author":[{"embeddable":true,"href":"https:\/\/www.caririemacao.com\/1\/wp-json\/wp\/v2\/users\/1"}],"replies":[{"embeddable":true,"href":"https:\/\/www.caririemacao.com\/1\/wp-json\/wp\/v2\/comments?post=151570"}],"version-history":[{"count":1,"href":"https:\/\/www.caririemacao.com\/1\/wp-json\/wp\/v2\/posts\/151570\/revisions"}],"predecessor-version":[{"id":151572,"href":"https:\/\/www.caririemacao.com\/1\/wp-json\/wp\/v2\/posts\/151570\/revisions\/151572"}],"wp:featuredmedia":[{"embeddable":true,"href":"https:\/\/www.caririemacao.com\/1\/wp-json\/wp\/v2\/media\/151571"}],"wp:attachment":[{"href":"https:\/\/www.caririemacao.com\/1\/wp-json\/wp\/v2\/media?parent=151570"}],"wp:term":[{"taxonomy":"category","embeddable":true,"href":"https:\/\/www.caririemacao.com\/1\/wp-json\/wp\/v2\/categories?post=151570"},{"taxonomy":"post_tag","embeddable":true,"href":"https:\/\/www.caririemacao.com\/1\/wp-json\/wp\/v2\/tags?post=151570"}],"curies":[{"name":"wp","href":"https:\/\/api.w.org\/{rel}","templated":true}]}}