{"id":151575,"date":"2020-02-05T07:47:35","date_gmt":"2020-02-05T10:47:35","guid":{"rendered":"http:\/\/www.caririemacao.com\/1\/?p=151575"},"modified":"2020-02-05T07:47:37","modified_gmt":"2020-02-05T10:47:37","slug":"piada-sobre-coronavirus-obriga-aviao-a-voltar-para-o-canada","status":"publish","type":"post","link":"https:\/\/www.caririemacao.com\/1\/2020\/02\/05\/piada-sobre-coronavirus-obriga-aviao-a-voltar-para-o-canada\/","title":{"rendered":"Piada sobre coronav\u00edrus obriga avi\u00e3o a voltar para o Canad\u00e1"},"content":{"rendered":"\n<p>Um avi\u00e3o com destino \u00e0 Jamaica foi for\u00e7ado a retornar ao Canad\u00e1 depois que um passageiro alegou falsamente que tinha coronav\u00edrus. O incidente aconteceu em um voo da companhia a\u00e9rea Westjet Airlines nesta ter\u00e7a-feira.<\/p>\n\n\n\n<p>O voo para Montego Bay voltou a Toronto na segunda-feira &#8220;por conta de um epis\u00f3dio revoltante&#8221;, disse \u00e0 AFP o porta-voz Morgan Bell.<\/p>\n\n\n\n<p>\u2014 Por extrema cautela, nossa tripula\u00e7\u00e3o seguiu todos os protocolos para doen\u00e7as infecciosas a bordo, incluindo o isolamento de um indiv\u00edduo que fez uma afirma\u00e7\u00e3o infundada relacionada ao coronav\u00edrus \u2014 explicou.<\/p>\n\n\n\n<p>Segundo v\u00e1rios relatos, o homem se levantou quando o avi\u00e3o j\u00e1 tinha percorrido quase metade de seu trajeto de quatro horas com 243 passageiros. Ele afirmou que havia contra\u00eddo o v\u00edrus, que j\u00e1 infectou mais de 20.400 pessoas e matou 427.<\/p>\n\n\n\n<p>As aeromo\u00e7as colocaram m\u00e1scara e luvas e ordenaram que ele ficasse na parte de tr\u00e1s do avi\u00e3o.<\/p>\n\n\n\n<p>\u2014 Acho que esse cara pensou que era uma piada engra\u00e7ada, mas foi muito estranho. Ficamos todos muito frustrados. Uma piada prejudicou 240 pessoas&#8230; Foi t\u00e3o ego\u00edsta \u2014 disse a passageira Julie-Anne Broderick \u00e0 televis\u00e3o canadense CBC.<\/p>\n\n\n\n<p>A pol\u00edcia e as autoridades de sa\u00fade p\u00fablica marcaram presen\u00e7a no retorno do voo em Toronto.<\/p>\n\n\n\n<p>A pol\u00edcia regional de Peel, munic\u00edpio de Ont\u00e1rio, Canad\u00e1, confirmou que um homem de 29 anos de Thornhill, na mesma prov\u00edncia, foi preso e acusado de crime contra a propriedade.<\/p>\n\n\n\n<p>Enquanto isso, outro voo foi organizado para levar o resto dos passageiros \u00e0 Jamaica esta manh\u00e3 e trazer de volta aqueles que ficaram presos em Montego Bay, depois que o voo da segunda-feira foi cancelado.<\/p>\n","protected":false},"excerpt":{"rendered":"<p>Um avi\u00e3o com destino \u00e0 Jamaica foi for\u00e7ado a retornar ao Canad\u00e1 depois que um passageiro alegou falsamente que tinha coronav\u00edrus. O incidente aconteceu em&hellip; <\/p>\n","protected":false},"author":1,"featured_media":151576,"comment_status":"closed","ping_status":"closed","sticky":false,"template":"","format":"standard","meta":{"sfsi_plus_gutenberg_text_before_share":"","sfsi_plus_gutenberg_show_text_before_share":"","sfsi_plus_gutenberg_icon_type":"","sfsi_plus_gutenberg_icon_alignemt":"","sfsi_plus_gutenburg_max_per_row":"","footnotes":""},"categories":[50,2],"tags":[],"class_list":["post-151575","post","type-post","status-publish","format-standard","has-post-thumbnail","hentry","category-destaque","category-geral"],"_links":{"self":[{"href":"https:\/\/www.caririemacao.com\/1\/wp-json\/wp\/v2\/posts\/151575","targetHints":{"allow":["GET"]}}],"collection":[{"href":"https:\/\/www.caririemacao.com\/1\/wp-json\/wp\/v2\/posts"}],"about":[{"href":"https:\/\/www.caririemacao.com\/1\/wp-json\/wp\/v2\/types\/post"}],"author":[{"embeddable":true,"href":"https:\/\/www.caririemacao.com\/1\/wp-json\/wp\/v2\/users\/1"}],"replies":[{"embeddable":true,"href":"https:\/\/www.caririemacao.com\/1\/wp-json\/wp\/v2\/comments?post=151575"}],"version-history":[{"count":1,"href":"https:\/\/www.caririemacao.com\/1\/wp-json\/wp\/v2\/posts\/151575\/revisions"}],"predecessor-version":[{"id":151577,"href":"https:\/\/www.caririemacao.com\/1\/wp-json\/wp\/v2\/posts\/151575\/revisions\/151577"}],"wp:featuredmedia":[{"embeddable":true,"href":"https:\/\/www.caririemacao.com\/1\/wp-json\/wp\/v2\/media\/151576"}],"wp:attachment":[{"href":"https:\/\/www.caririemacao.com\/1\/wp-json\/wp\/v2\/media?parent=151575"}],"wp:term":[{"taxonomy":"category","embeddable":true,"href":"https:\/\/www.caririemacao.com\/1\/wp-json\/wp\/v2\/categories?post=151575"},{"taxonomy":"post_tag","embeddable":true,"href":"https:\/\/www.caririemacao.com\/1\/wp-json\/wp\/v2\/tags?post=151575"}],"curies":[{"name":"wp","href":"https:\/\/api.w.org\/{rel}","templated":true}]}}