{"id":151579,"date":"2020-02-05T07:49:59","date_gmt":"2020-02-05T10:49:59","guid":{"rendered":"http:\/\/www.caririemacao.com\/1\/?p=151579"},"modified":"2020-02-05T07:50:00","modified_gmt":"2020-02-05T10:50:00","slug":"bancada-federal-se-reune-nesta-quarta-com-dnit-para-discutir-triplicacao","status":"publish","type":"post","link":"https:\/\/www.caririemacao.com\/1\/2020\/02\/05\/bancada-federal-se-reune-nesta-quarta-com-dnit-para-discutir-triplicacao\/","title":{"rendered":"Bancada federal se re\u00fane nesta quarta com Dnit para discutir triplica\u00e7\u00e3o"},"content":{"rendered":"\n<p> A bancada federal da Para\u00edba se re\u00fane as 13h30 desta quarta-feira (5) com representantes do Departamento Nacional de Infraestrutura de Transportes (Dnit), em Bras\u00edlia, para discutir a retomada das obras de adequa\u00e7\u00e3o de capacidade da BR-230, entre os munic\u00edpios de Cabedelo e Jo\u00e3o Pessoa.<\/p>\n\n\n\n<p>O coordenador da bancada, deputado federal Efraim Filho (DEM), explicou que o encontro busca discutir e nivelar informa\u00e7\u00f5es a respeito da parte t\u00e9cnica e burocr\u00e1tica do projeto, medidas que precisam ser adotadas, cronograma e planejamento para reverter, do ponto de vista administrativo, a paralisa\u00e7\u00e3o dos servi\u00e7os.<\/p>\n\n\n\n<p>Efraim acrescentou que os deputados e senadores paraibanos tamb\u00e9m pediram um encontro com o ministro da Economia, Paulo Guedes. \u201cPara discutir a quest\u00e3o or\u00e7ament\u00e1ria. A bancada encaminhar\u00e1 o pedido para recompor os R$ 50 milh\u00f5es que foram retirados pelo esgotamento do prazo\u201d, disse.<\/p>\n\n\n\n<p>Segundo ele, o retorno dos recursos permitir\u00e1 que a empresa retome os servi\u00e7os. \u201cA bancada vai para cima, vai cobrar, vai mostrar que se trata da obra de mobilidade urbana mais importante do estado da Para\u00edba e que n\u00f3s queremos que isso possa ser resolvido\u201d, arrematou o coordenador.<\/p>\n\n\n\n<p><strong>MaisPB<\/strong><\/p>\n","protected":false},"excerpt":{"rendered":"<p>A bancada federal da Para\u00edba se re\u00fane as 13h30 desta quarta-feira (5) com representantes do Departamento Nacional de Infraestrutura de Transportes (Dnit), em Bras\u00edlia, para&hellip; <\/p>\n","protected":false},"author":1,"featured_media":151580,"comment_status":"closed","ping_status":"closed","sticky":false,"template":"","format":"standard","meta":{"sfsi_plus_gutenberg_text_before_share":"","sfsi_plus_gutenberg_show_text_before_share":"","sfsi_plus_gutenberg_icon_type":"","sfsi_plus_gutenberg_icon_alignemt":"","sfsi_plus_gutenburg_max_per_row":"","footnotes":""},"categories":[2],"tags":[],"class_list":["post-151579","post","type-post","status-publish","format-standard","has-post-thumbnail","hentry","category-geral"],"_links":{"self":[{"href":"https:\/\/www.caririemacao.com\/1\/wp-json\/wp\/v2\/posts\/151579","targetHints":{"allow":["GET"]}}],"collection":[{"href":"https:\/\/www.caririemacao.com\/1\/wp-json\/wp\/v2\/posts"}],"about":[{"href":"https:\/\/www.caririemacao.com\/1\/wp-json\/wp\/v2\/types\/post"}],"author":[{"embeddable":true,"href":"https:\/\/www.caririemacao.com\/1\/wp-json\/wp\/v2\/users\/1"}],"replies":[{"embeddable":true,"href":"https:\/\/www.caririemacao.com\/1\/wp-json\/wp\/v2\/comments?post=151579"}],"version-history":[{"count":1,"href":"https:\/\/www.caririemacao.com\/1\/wp-json\/wp\/v2\/posts\/151579\/revisions"}],"predecessor-version":[{"id":151581,"href":"https:\/\/www.caririemacao.com\/1\/wp-json\/wp\/v2\/posts\/151579\/revisions\/151581"}],"wp:featuredmedia":[{"embeddable":true,"href":"https:\/\/www.caririemacao.com\/1\/wp-json\/wp\/v2\/media\/151580"}],"wp:attachment":[{"href":"https:\/\/www.caririemacao.com\/1\/wp-json\/wp\/v2\/media?parent=151579"}],"wp:term":[{"taxonomy":"category","embeddable":true,"href":"https:\/\/www.caririemacao.com\/1\/wp-json\/wp\/v2\/categories?post=151579"},{"taxonomy":"post_tag","embeddable":true,"href":"https:\/\/www.caririemacao.com\/1\/wp-json\/wp\/v2\/tags?post=151579"}],"curies":[{"name":"wp","href":"https:\/\/api.w.org\/{rel}","templated":true}]}}