{"id":151583,"date":"2020-02-05T07:53:10","date_gmt":"2020-02-05T10:53:10","guid":{"rendered":"http:\/\/www.caririemacao.com\/1\/?p=151583"},"modified":"2020-02-05T07:53:12","modified_gmt":"2020-02-05T10:53:12","slug":"coronavirussecretario-de-saude-debate-com-ministro-enfrentamento","status":"publish","type":"post","link":"https:\/\/www.caririemacao.com\/1\/2020\/02\/05\/coronavirussecretario-de-saude-debate-com-ministro-enfrentamento\/","title":{"rendered":"Coronavirus:secret\u00e1rio de Sa\u00fade debate com ministro enfrentamento"},"content":{"rendered":"\n<p>O secret\u00e1rio de Estado da Sa\u00fade, Geraldo Medeiros, participa nesta quarta-feira (5) da reuni\u00e3o do Conselho Nacional de Secret\u00e1rios de Sa\u00fade, em Bras\u00edlia. O ministro da Sa\u00fade, Luiz Henrique Mandetta, tamb\u00e9m participa do encontro que busca discutir medidas para enfrentamento ao coronav\u00edrus.<\/p>\n\n\n\n<p>No evento est\u00e1 prevista uma declara\u00e7\u00e3o do ministro seguida de interven\u00e7\u00f5es de secret\u00e1rios de Sa\u00fade de todo o pa\u00eds. O Minist\u00e9rio da Sa\u00fade investiga 13 casos suspeitos de infec\u00e7\u00e3o por coronav\u00edrus no Brasil. At\u00e9 o momento, 16 casos foram descartados.<\/p>\n\n\n\n<p>De acordo com o \u00faltimo balan\u00e7o da pasta, apresentado pelo secret\u00e1rio de Vigil\u00e2ncia em Sa\u00fade, Wanderson de Oliveira, est\u00e3o sob suspeitas um caso no Rio&nbsp;de Janeiro, quatro no Rio Grande do Sul, dois em Santa Catarina e seis em S\u00e3o Paulo.<\/p>\n\n\n\n<p>Mais recente atualiza\u00e7\u00e3o aponta que o n\u00famero total de mortes na China chega a 490.&nbsp;O n\u00famero de pacientes infectados aumentou em 3.887, com o total alcan\u00e7ando 24.324 pessoas no pa\u00eds.&nbsp;Desde o in\u00edcio da epidemia, foram confirmados 20.704 casos (99,2% na China), com 427 \u00f3bitos.<\/p>\n\n\n\n<p>A taxa de mortalidade do coronav\u00edrus 2019-nCoV \u00e9 de 2,1%. At\u00e9 o momento, h\u00e1 2.788 casos de pessoas infectadas em estado grave. Todos na China. Desses, 492 s\u00e3o novas ocorr\u00eancias. A prov\u00edncia de Hubei continua sendo amais afetada: 66% dos casos ocorridos.<\/p>\n\n\n\n<p><strong>MaisPB<\/strong><\/p>\n","protected":false},"excerpt":{"rendered":"<p>O secret\u00e1rio de Estado da Sa\u00fade, Geraldo Medeiros, participa nesta quarta-feira (5) da reuni\u00e3o do Conselho Nacional de Secret\u00e1rios de Sa\u00fade, em Bras\u00edlia. O ministro&hellip; <\/p>\n","protected":false},"author":1,"featured_media":151584,"comment_status":"closed","ping_status":"closed","sticky":false,"template":"","format":"standard","meta":{"sfsi_plus_gutenberg_text_before_share":"","sfsi_plus_gutenberg_show_text_before_share":"","sfsi_plus_gutenberg_icon_type":"","sfsi_plus_gutenberg_icon_alignemt":"","sfsi_plus_gutenburg_max_per_row":"","footnotes":""},"categories":[16],"tags":[],"class_list":["post-151583","post","type-post","status-publish","format-standard","has-post-thumbnail","hentry","category-saude"],"_links":{"self":[{"href":"https:\/\/www.caririemacao.com\/1\/wp-json\/wp\/v2\/posts\/151583","targetHints":{"allow":["GET"]}}],"collection":[{"href":"https:\/\/www.caririemacao.com\/1\/wp-json\/wp\/v2\/posts"}],"about":[{"href":"https:\/\/www.caririemacao.com\/1\/wp-json\/wp\/v2\/types\/post"}],"author":[{"embeddable":true,"href":"https:\/\/www.caririemacao.com\/1\/wp-json\/wp\/v2\/users\/1"}],"replies":[{"embeddable":true,"href":"https:\/\/www.caririemacao.com\/1\/wp-json\/wp\/v2\/comments?post=151583"}],"version-history":[{"count":1,"href":"https:\/\/www.caririemacao.com\/1\/wp-json\/wp\/v2\/posts\/151583\/revisions"}],"predecessor-version":[{"id":151585,"href":"https:\/\/www.caririemacao.com\/1\/wp-json\/wp\/v2\/posts\/151583\/revisions\/151585"}],"wp:featuredmedia":[{"embeddable":true,"href":"https:\/\/www.caririemacao.com\/1\/wp-json\/wp\/v2\/media\/151584"}],"wp:attachment":[{"href":"https:\/\/www.caririemacao.com\/1\/wp-json\/wp\/v2\/media?parent=151583"}],"wp:term":[{"taxonomy":"category","embeddable":true,"href":"https:\/\/www.caririemacao.com\/1\/wp-json\/wp\/v2\/categories?post=151583"},{"taxonomy":"post_tag","embeddable":true,"href":"https:\/\/www.caririemacao.com\/1\/wp-json\/wp\/v2\/tags?post=151583"}],"curies":[{"name":"wp","href":"https:\/\/api.w.org\/{rel}","templated":true}]}}