{"id":151586,"date":"2020-02-05T07:55:44","date_gmt":"2020-02-05T10:55:44","guid":{"rendered":"http:\/\/www.caririemacao.com\/1\/?p=151586"},"modified":"2020-02-05T07:55:45","modified_gmt":"2020-02-05T10:55:45","slug":"gilmar-mendes-solicita-informacoes-a-justica-da-pb-sobre-presos-na-calvario","status":"publish","type":"post","link":"https:\/\/www.caririemacao.com\/1\/2020\/02\/05\/gilmar-mendes-solicita-informacoes-a-justica-da-pb-sobre-presos-na-calvario\/","title":{"rendered":"Gilmar Mendes solicita informa\u00e7\u00f5es \u00e0 Justi\u00e7a da PB sobre presos na Calv\u00e1rio"},"content":{"rendered":"\n<p> Relator da Opera\u00e7\u00e3o Calv\u00e1rio no Supremo Tribunal Federal (STF), o ministro Gilmar Mendes solicitou ao Tribunal de Justi\u00e7a da Para\u00edba (TJ-PB) e ao Superior Tribunal de Justi\u00e7a (STJ) \u201cinforma\u00e7\u00f5es, com urg\u00eancia\u201d sobre os processos referentes a quatro presos da investiga\u00e7\u00e3o do Minist\u00e9rio P\u00fablico.<\/p>\n\n\n\n<p>S\u00e3o eles: o irm\u00e3o do ex-governado Ricardo Coutinho, Coriolano Coutinho, os ex-secret\u00e1rios do Estado, Jos\u00e9 Arthur Viana Teixeira e Waldson Souza, e o empres\u00e1rio Vlademir Neiva. Todos foram presos no dia 17 de dezembro do ano passado na s\u00e9tima fase da Opera\u00e7\u00e3o Calv\u00e1rio.<\/p>\n\n\n\n<p>Eles s\u00e3o acusados de integrarem a organiza\u00e7\u00e3o criminosa chefiada pelo ex-governador Ricardo Coutinho (PSB), que teria desviado pelo menos R$ 134 milh\u00f5es da Sa\u00fade e Educa\u00e7\u00e3o atrav\u00e9s de contratos com organiza\u00e7\u00f5es sociais.<\/p>\n\n\n\n<p>MaisPB<\/p>\n","protected":false},"excerpt":{"rendered":"<p>Relator da Opera\u00e7\u00e3o Calv\u00e1rio no Supremo Tribunal Federal (STF), o ministro Gilmar Mendes solicitou ao Tribunal de Justi\u00e7a da Para\u00edba (TJ-PB) e ao Superior Tribunal&hellip; <\/p>\n","protected":false},"author":1,"featured_media":151587,"comment_status":"closed","ping_status":"closed","sticky":false,"template":"","format":"standard","meta":{"sfsi_plus_gutenberg_text_before_share":"","sfsi_plus_gutenberg_show_text_before_share":"","sfsi_plus_gutenberg_icon_type":"","sfsi_plus_gutenberg_icon_alignemt":"","sfsi_plus_gutenburg_max_per_row":"","footnotes":""},"categories":[2],"tags":[],"class_list":["post-151586","post","type-post","status-publish","format-standard","has-post-thumbnail","hentry","category-geral"],"_links":{"self":[{"href":"https:\/\/www.caririemacao.com\/1\/wp-json\/wp\/v2\/posts\/151586","targetHints":{"allow":["GET"]}}],"collection":[{"href":"https:\/\/www.caririemacao.com\/1\/wp-json\/wp\/v2\/posts"}],"about":[{"href":"https:\/\/www.caririemacao.com\/1\/wp-json\/wp\/v2\/types\/post"}],"author":[{"embeddable":true,"href":"https:\/\/www.caririemacao.com\/1\/wp-json\/wp\/v2\/users\/1"}],"replies":[{"embeddable":true,"href":"https:\/\/www.caririemacao.com\/1\/wp-json\/wp\/v2\/comments?post=151586"}],"version-history":[{"count":1,"href":"https:\/\/www.caririemacao.com\/1\/wp-json\/wp\/v2\/posts\/151586\/revisions"}],"predecessor-version":[{"id":151588,"href":"https:\/\/www.caririemacao.com\/1\/wp-json\/wp\/v2\/posts\/151586\/revisions\/151588"}],"wp:featuredmedia":[{"embeddable":true,"href":"https:\/\/www.caririemacao.com\/1\/wp-json\/wp\/v2\/media\/151587"}],"wp:attachment":[{"href":"https:\/\/www.caririemacao.com\/1\/wp-json\/wp\/v2\/media?parent=151586"}],"wp:term":[{"taxonomy":"category","embeddable":true,"href":"https:\/\/www.caririemacao.com\/1\/wp-json\/wp\/v2\/categories?post=151586"},{"taxonomy":"post_tag","embeddable":true,"href":"https:\/\/www.caririemacao.com\/1\/wp-json\/wp\/v2\/tags?post=151586"}],"curies":[{"name":"wp","href":"https:\/\/api.w.org\/{rel}","templated":true}]}}