{"id":151590,"date":"2020-02-05T07:57:57","date_gmt":"2020-02-05T10:57:57","guid":{"rendered":"http:\/\/www.caririemacao.com\/1\/?p=151590"},"modified":"2020-02-05T08:36:17","modified_gmt":"2020-02-05T11:36:17","slug":"tres-homens-portando-armas-de-fogo-sao-detidos-pela-policia-militar-na-regiao-do-cariri","status":"publish","type":"post","link":"https:\/\/www.caririemacao.com\/1\/2020\/02\/05\/tres-homens-portando-armas-de-fogo-sao-detidos-pela-policia-militar-na-regiao-do-cariri\/","title":{"rendered":"Tr\u00eas homens portando armas de fogo s\u00e3o detidos pela Pol\u00edcia Militar na regi\u00e3o do Cariri"},"content":{"rendered":"\n<p>Na manh\u00e3 desta ter\u00e7a-feira (04), a pol\u00edcia militar recebeu na central de opera\u00e7\u00f5es, uma liga\u00e7\u00e3o informando que na cidade de Sum\u00e9, alguns indiv\u00edduos estavam em um ve\u00edculo Toyota Hilux CD SRV 4\u00d74 3.0 8V 116cv TB Diese \u2013 cor preta, em atitudes suspeitas, e que sa\u00edram da cidade em alta velocidade em dire\u00e7\u00e3o a cidade de Monteiro, Cariri da Para\u00edba.<\/p>\n\n\n\n<p>De imediato as guarni\u00e7\u00f5es do 11\u00ba Batalh\u00e3o de Pol\u00edcia Militar se dirigiram para a BR-412, a fim de interceptar o ve\u00edculo suspeito. Pr\u00f3ximo ao parque de vaquejada Jos\u00e9 Galv\u00e3o no Sitio do Meio, os policiais avistaram o ve\u00edculo com tr\u00eas homens e fizeram a abordagem. Ao entrarem dentro do ve\u00edculo, os policiais encontraram 03 armas de fogo, com os suspeitos, sendo: 01(uma) pistola calibre 380, 01(um) revolver calibre 38 e 01 (uma) escopeta calibre 12.<\/p>\n\n\n\n<p>Os acusados alegaram serem seguran\u00e7as e que estariam prestando servi\u00e7o a uma institui\u00e7\u00e3o banc\u00e1ria, por\u00e9m as armas n\u00e3o estavam registradas em nome da empresa de seguran\u00e7a respons\u00e1vel pelo transporte de valores. Diante da situa\u00e7\u00e3o, as armas foram apreendidas e encaminhadas juntamente com os envolvidos at\u00e9 a delegacia de Pol\u00edcia Civil de Monteiro, onde foram tomadas as devidas provid\u00eancias.<\/p>\n\n\n\n<p>Participaram da a\u00e7\u00e3o policial, a guarni\u00e7\u00e3o de Sum\u00e9 com o cb Almiberto, sd Lisboa e, sd Sheldon na Vtr. 7091, e sd L. Silva, sd Santiago na Vtr. 7658, com o apoio das guarni\u00e7\u00f5es de Monteiro atrav\u00e9s da For\u00e7a T\u00e1tica a frente o sgt. Marcelo com o apoio da vtr. do sgt. Gutemberg.<\/p>\n\n\n\n<p><strong>ACUSADOS:<\/strong><br>Ant\u00f4nio Pereira de Oliveira<br>Ivson Damares Henrique de Queiroz<br>Jos\u00e9 de Arimat\u00e9ia Alves de Ara\u00fajo<\/p>\n\n\n\n<p><strong>OBJETOS APREENDIDOS:<\/strong><br>\u2013 01 pistola TAURUS calibre 380<br>\u2013 01 Espingarda calibre 12<br>\u2013 01 Rev\u00f3lver TAURUS \/ oxidado, calibre 38.<\/p>\n\n\n\n<p><\/p>\n","protected":false},"excerpt":{"rendered":"<p>Na manh\u00e3 desta ter\u00e7a-feira (04), a pol\u00edcia militar recebeu na central de opera\u00e7\u00f5es, uma liga\u00e7\u00e3o informando que na cidade de Sum\u00e9, alguns indiv\u00edduos estavam em&hellip; <\/p>\n","protected":false},"author":1,"featured_media":151591,"comment_status":"closed","ping_status":"closed","sticky":false,"template":"","format":"standard","meta":{"sfsi_plus_gutenberg_text_before_share":"","sfsi_plus_gutenberg_show_text_before_share":"","sfsi_plus_gutenberg_icon_type":"","sfsi_plus_gutenberg_icon_alignemt":"","sfsi_plus_gutenburg_max_per_row":"","footnotes":""},"categories":[12],"tags":[],"class_list":["post-151590","post","type-post","status-publish","format-standard","has-post-thumbnail","hentry","category-policia"],"_links":{"self":[{"href":"https:\/\/www.caririemacao.com\/1\/wp-json\/wp\/v2\/posts\/151590","targetHints":{"allow":["GET"]}}],"collection":[{"href":"https:\/\/www.caririemacao.com\/1\/wp-json\/wp\/v2\/posts"}],"about":[{"href":"https:\/\/www.caririemacao.com\/1\/wp-json\/wp\/v2\/types\/post"}],"author":[{"embeddable":true,"href":"https:\/\/www.caririemacao.com\/1\/wp-json\/wp\/v2\/users\/1"}],"replies":[{"embeddable":true,"href":"https:\/\/www.caririemacao.com\/1\/wp-json\/wp\/v2\/comments?post=151590"}],"version-history":[{"count":4,"href":"https:\/\/www.caririemacao.com\/1\/wp-json\/wp\/v2\/posts\/151590\/revisions"}],"predecessor-version":[{"id":151626,"href":"https:\/\/www.caririemacao.com\/1\/wp-json\/wp\/v2\/posts\/151590\/revisions\/151626"}],"wp:featuredmedia":[{"embeddable":true,"href":"https:\/\/www.caririemacao.com\/1\/wp-json\/wp\/v2\/media\/151591"}],"wp:attachment":[{"href":"https:\/\/www.caririemacao.com\/1\/wp-json\/wp\/v2\/media?parent=151590"}],"wp:term":[{"taxonomy":"category","embeddable":true,"href":"https:\/\/www.caririemacao.com\/1\/wp-json\/wp\/v2\/categories?post=151590"},{"taxonomy":"post_tag","embeddable":true,"href":"https:\/\/www.caririemacao.com\/1\/wp-json\/wp\/v2\/tags?post=151590"}],"curies":[{"name":"wp","href":"https:\/\/api.w.org\/{rel}","templated":true}]}}