{"id":151594,"date":"2020-02-05T08:00:52","date_gmt":"2020-02-05T11:00:52","guid":{"rendered":"http:\/\/www.caririemacao.com\/1\/?p=151594"},"modified":"2020-02-05T08:00:54","modified_gmt":"2020-02-05T11:00:54","slug":"aesa-e-prefeitura-de-sume-realizam-mapeamento-para-limpeza-dos-leitos-dos-rios","status":"publish","type":"post","link":"https:\/\/www.caririemacao.com\/1\/2020\/02\/05\/aesa-e-prefeitura-de-sume-realizam-mapeamento-para-limpeza-dos-leitos-dos-rios\/","title":{"rendered":"Aesa e Prefeitura de Sum\u00e9 realizam mapeamento para limpeza dos leitos dos rios"},"content":{"rendered":"\n<p>A Prefeitura de Sum\u00e9, a Superintend\u00eancia de Administra\u00e7\u00e3o do Meio Ambiente (Sudema) e a Ag\u00eancia Executiva de Gest\u00e3o de \u00c1guas do Estado da Para\u00edba (Aesa) est\u00e3o firmando parceria para executar a limpeza e desobstru\u00e7\u00e3o da calha principal dos rios Sucuru e Pedra Comprida.<\/p>\n\n\n\n<p>Num primeiro momento foi realizado o mapeamento dos leitos dos rios, trabalho acompanhado pelo t\u00e9cnico da Aesa, Jo\u00e3o Adelino e o engenheiro agr\u00f4nomo da Prefeitura de Sum\u00e9, Jos\u00e9 Rom\u00e9rio.<\/p>\n\n\n\n<div class=\"wp-block-image\"><figure class=\"aligncenter\"><img decoding=\"async\" data-src=\"http:\/\/deolhonocariri.com.br\/wp-content\/uploads\/2020\/02\/SUME-2.jpg\" alt=\"\" class=\"wp-image-77473 lazyload\" src=\"data:image\/svg+xml;base64,PHN2ZyB3aWR0aD0iMSIgaGVpZ2h0PSIxIiB4bWxucz0iaHR0cDovL3d3dy53My5vcmcvMjAwMC9zdmciPjwvc3ZnPg==\" \/><\/figure><\/div>\n\n\n\n<p>Os trabalhos iniciais consistiram no monitoramento dos rios atrav\u00e9s de filmagem e fotos georreferenciadas. Posteriormente um relat\u00f3rio ser\u00e1 feito com os pontos que precisar\u00e3o de a\u00e7\u00e3o priorit\u00e1ria ao longo de 13 km do leito do rio.<\/p>\n\n\n\n<p>O prefeito \u00c9den Duarte demonstrou uma grande preocupa\u00e7\u00e3o com a seguran\u00e7a no trecho urbano desses rios, principalmente em per\u00edodos chuvosos, uma vez que o Rio Pedra Comprida des\u00e1gua no Rio Sucuru, num trecho da zona urbana em que se concentra uma parcela significativa da popula\u00e7\u00e3o e dos estabelecimentos comerciais entre os bairros do Alto Alegre, Centro e V\u00e1rzea Redonda. O prefeito j\u00e1 est\u00e1 articulando com as pessoas e entidades que ir\u00e3o realizar a limpeza dos rios para que isto ocorra da melhor forma poss\u00edvel.<\/p>\n\n\n\n<p>A limpeza do rio tamb\u00e9m foi discutida pela comiss\u00e3o de aloca\u00e7\u00e3o da Bacia do A\u00e7ude de Sum\u00e9, formada pela Sudema, Aesa, Prefeitura de Sum\u00e9, C\u00e2mara de Vereadores, Associa\u00e7\u00f5es e sociedade civil.<\/p>\n\n\n\n<p>De olho no cariri <\/p>\n","protected":false},"excerpt":{"rendered":"<p>A Prefeitura de Sum\u00e9, a Superintend\u00eancia de Administra\u00e7\u00e3o do Meio Ambiente (Sudema) e a Ag\u00eancia Executiva de Gest\u00e3o de \u00c1guas do Estado da Para\u00edba (Aesa)&hellip; <\/p>\n","protected":false},"author":1,"featured_media":151595,"comment_status":"closed","ping_status":"closed","sticky":false,"template":"","format":"standard","meta":{"sfsi_plus_gutenberg_text_before_share":"","sfsi_plus_gutenberg_show_text_before_share":"","sfsi_plus_gutenberg_icon_type":"","sfsi_plus_gutenberg_icon_alignemt":"","sfsi_plus_gutenburg_max_per_row":"","footnotes":""},"categories":[50,2],"tags":[],"class_list":["post-151594","post","type-post","status-publish","format-standard","has-post-thumbnail","hentry","category-destaque","category-geral"],"_links":{"self":[{"href":"https:\/\/www.caririemacao.com\/1\/wp-json\/wp\/v2\/posts\/151594","targetHints":{"allow":["GET"]}}],"collection":[{"href":"https:\/\/www.caririemacao.com\/1\/wp-json\/wp\/v2\/posts"}],"about":[{"href":"https:\/\/www.caririemacao.com\/1\/wp-json\/wp\/v2\/types\/post"}],"author":[{"embeddable":true,"href":"https:\/\/www.caririemacao.com\/1\/wp-json\/wp\/v2\/users\/1"}],"replies":[{"embeddable":true,"href":"https:\/\/www.caririemacao.com\/1\/wp-json\/wp\/v2\/comments?post=151594"}],"version-history":[{"count":1,"href":"https:\/\/www.caririemacao.com\/1\/wp-json\/wp\/v2\/posts\/151594\/revisions"}],"predecessor-version":[{"id":151596,"href":"https:\/\/www.caririemacao.com\/1\/wp-json\/wp\/v2\/posts\/151594\/revisions\/151596"}],"wp:featuredmedia":[{"embeddable":true,"href":"https:\/\/www.caririemacao.com\/1\/wp-json\/wp\/v2\/media\/151595"}],"wp:attachment":[{"href":"https:\/\/www.caririemacao.com\/1\/wp-json\/wp\/v2\/media?parent=151594"}],"wp:term":[{"taxonomy":"category","embeddable":true,"href":"https:\/\/www.caririemacao.com\/1\/wp-json\/wp\/v2\/categories?post=151594"},{"taxonomy":"post_tag","embeddable":true,"href":"https:\/\/www.caririemacao.com\/1\/wp-json\/wp\/v2\/tags?post=151594"}],"curies":[{"name":"wp","href":"https:\/\/api.w.org\/{rel}","templated":true}]}}