{"id":151601,"date":"2020-02-05T08:06:37","date_gmt":"2020-02-05T11:06:37","guid":{"rendered":"http:\/\/www.caririemacao.com\/1\/?p=151601"},"modified":"2020-02-05T08:06:38","modified_gmt":"2020-02-05T11:06:38","slug":"camara-de-vereadores-de-sume-aprova-projeto-de-lei-que-garante-o-reajuste-do-piso-salarial-dos-acs-e-ace","status":"publish","type":"post","link":"https:\/\/www.caririemacao.com\/1\/2020\/02\/05\/camara-de-vereadores-de-sume-aprova-projeto-de-lei-que-garante-o-reajuste-do-piso-salarial-dos-acs-e-ace\/","title":{"rendered":"C\u00e2mara de Vereadores de Sum\u00e9 aprova projeto de lei que garante o reajuste do piso salarial dos ACS e ACE"},"content":{"rendered":"\n<p>Em sess\u00e3o extraordin\u00e1ria realizada nesta ter\u00e7a-feira (04) a C\u00e2mara de Vereadores de Sum\u00e9, aprovou por unanimidade Projeto de lei n\u00ba 576\/2020 de autoria do Poder Executivo, que garante o reajuste do piso salarial dos Agentes Comunit\u00e1rios de Sa\u00fade e os Agentes de Combate \u00e0s Endemias.<\/p>\n\n\n\n<p>De acordo com o projeto de lei aprovado, o piso salarial dos Agentes Comunit\u00e1rios de Sa\u00fade e dos Agentes de Combate \u00e0s Endemias, passar\u00e1 dos atuais R$ 1.250,00 para R$ 1.400,00, com data retroativa a 1\u00ba de janeiro de 2020, podendo chegar a R$ 1.701,00, dependendo do agrupamento funcional das atividades.<\/p>\n\n\n\n<p>O projeto provado segue as normativas da lei federal 13.709\/2018, que prev\u00ea ainda que a partir de 2021, o piso para os ACS e ACE ser\u00e1 de R$ 1.550,00 (mil quinhentos e cinquenta reais) em 1\u00ba de janeiro de 2021.<\/p>\n\n\n\n<div class=\"wp-block-image\"><figure class=\"aligncenter\"><a href=\"http:\/\/noticiasemdestaque.com\/cd\/wp-content\/uploads\/2020\/02\/09d7fe2f-9754-48f4-8b6a-9767b613ffbc.jpg\"><img decoding=\"async\" data-src=\"http:\/\/noticiasemdestaque.com\/cd\/wp-content\/uploads\/2020\/02\/09d7fe2f-9754-48f4-8b6a-9767b613ffbc-1024x531.jpg\" alt=\"\" class=\"wp-image-22636 lazyload\" src=\"data:image\/svg+xml;base64,PHN2ZyB3aWR0aD0iMSIgaGVpZ2h0PSIxIiB4bWxucz0iaHR0cDovL3d3dy53My5vcmcvMjAwMC9zdmciPjwvc3ZnPg==\" style=\"--smush-placeholder-width: 1024px; --smush-placeholder-aspect-ratio: 1024\/531;\" \/><\/a><\/figure><\/div>\n\n\n\n<p>O presidente da C\u00e2mara de Vereadores, Bomba, salientou a preocupa\u00e7\u00e3o do Poder Legislativo com as causas dos servidores p\u00fablicos. \u201cEssa Casa estar\u00e1 sempre \u00e0 disposi\u00e7\u00e3o e ajudando o funcionalismo p\u00fablico no que for preciso\u201d, disse.<\/p>\n\n\n\n<p>Durante a reuni\u00e3o, os vereadores aprovaram ainda, o projeto de lei 575\/2020 que autoriza o Poder Executivo a contrair cr\u00e9dito especial no valor de R$ 20.000,00 (vinte mil reais), para contrapartida de rateio pela participa\u00e7\u00e3o junto ao Cons\u00f3rcio P\u00fablico Intermunicipal de Sa\u00fade do Cariri Ocidental (CISCO), para garantir conv\u00eanio com o Minist\u00e9rio da Cidadania para constru\u00e7\u00e3o de cisternas na zona rural do munic\u00edpio.<\/p>\n","protected":false},"excerpt":{"rendered":"<p>Em sess\u00e3o extraordin\u00e1ria realizada nesta ter\u00e7a-feira (04) a C\u00e2mara de Vereadores de Sum\u00e9, aprovou por unanimidade Projeto de lei n\u00ba 576\/2020 de autoria do Poder&hellip; <\/p>\n","protected":false},"author":1,"featured_media":151603,"comment_status":"closed","ping_status":"closed","sticky":false,"template":"","format":"standard","meta":{"sfsi_plus_gutenberg_text_before_share":"","sfsi_plus_gutenberg_show_text_before_share":"","sfsi_plus_gutenberg_icon_type":"","sfsi_plus_gutenberg_icon_alignemt":"","sfsi_plus_gutenburg_max_per_row":"","footnotes":""},"categories":[2],"tags":[],"class_list":["post-151601","post","type-post","status-publish","format-standard","has-post-thumbnail","hentry","category-geral"],"_links":{"self":[{"href":"https:\/\/www.caririemacao.com\/1\/wp-json\/wp\/v2\/posts\/151601","targetHints":{"allow":["GET"]}}],"collection":[{"href":"https:\/\/www.caririemacao.com\/1\/wp-json\/wp\/v2\/posts"}],"about":[{"href":"https:\/\/www.caririemacao.com\/1\/wp-json\/wp\/v2\/types\/post"}],"author":[{"embeddable":true,"href":"https:\/\/www.caririemacao.com\/1\/wp-json\/wp\/v2\/users\/1"}],"replies":[{"embeddable":true,"href":"https:\/\/www.caririemacao.com\/1\/wp-json\/wp\/v2\/comments?post=151601"}],"version-history":[{"count":1,"href":"https:\/\/www.caririemacao.com\/1\/wp-json\/wp\/v2\/posts\/151601\/revisions"}],"predecessor-version":[{"id":151604,"href":"https:\/\/www.caririemacao.com\/1\/wp-json\/wp\/v2\/posts\/151601\/revisions\/151604"}],"wp:featuredmedia":[{"embeddable":true,"href":"https:\/\/www.caririemacao.com\/1\/wp-json\/wp\/v2\/media\/151603"}],"wp:attachment":[{"href":"https:\/\/www.caririemacao.com\/1\/wp-json\/wp\/v2\/media?parent=151601"}],"wp:term":[{"taxonomy":"category","embeddable":true,"href":"https:\/\/www.caririemacao.com\/1\/wp-json\/wp\/v2\/categories?post=151601"},{"taxonomy":"post_tag","embeddable":true,"href":"https:\/\/www.caririemacao.com\/1\/wp-json\/wp\/v2\/tags?post=151601"}],"curies":[{"name":"wp","href":"https:\/\/api.w.org\/{rel}","templated":true}]}}