{"id":151606,"date":"2020-02-05T08:09:12","date_gmt":"2020-02-05T11:09:12","guid":{"rendered":"http:\/\/www.caririemacao.com\/1\/?p=151606"},"modified":"2020-02-05T08:09:14","modified_gmt":"2020-02-05T11:09:14","slug":"camara-aprova-pl-com-medidas-de-contencao-do-coronavirus-no-brasil","status":"publish","type":"post","link":"https:\/\/www.caririemacao.com\/1\/2020\/02\/05\/camara-aprova-pl-com-medidas-de-contencao-do-coronavirus-no-brasil\/","title":{"rendered":"C\u00e2mara aprova PL com medidas de conten\u00e7\u00e3o do coronav\u00edrus no Brasil"},"content":{"rendered":"\n<p>A C\u00e2mara dos Deputados aprovou na noite de hoje (4), em plen\u00e1rio, um projeto de lei (PL) que estabelece regras e medidas para controle, no territ\u00f3rio brasileiro, da epidemia do coronav\u00edrus. Para facilitar uma vota\u00e7\u00e3o r\u00e1pida, sem pol\u00eamicas e debates prolongados, o projeto trata apenas de medidas referentes ao coronav\u00edrus.<\/p>\n\n\n\n<p>A vota\u00e7\u00e3o ocorreu de forma simb\u00f3lica, sem registro em painel. O projeto segue para o Senado, onde deve ser votado amanh\u00e3 (5). O PL, relatado na C\u00e2mara por Carmen Zanotto (Cidadania-SC), prev\u00ea, entre outros pontos, o isolamento para portadores do v\u00edrus ou quarentena para os que tiverem suspeitas de contamina\u00e7\u00e3o.<\/p>\n\n\n\n<p>Os cidad\u00e3os isolados ter\u00e3o tratamento gratuito e o direito de serem informados permanentemente sobre seu estado de sa\u00fade. O projeto tamb\u00e9m prev\u00ea o fechamento de fronteiras, portos e aeroportos para entrar e sair do pa\u00eds e a autoriza\u00e7\u00e3o excepcional e tempor\u00e1ria da entrada de produtos sem registro na Ag\u00eancia Nacional de Vigil\u00e2ncia Sanit\u00e1ria (Anvisa), caso tais medidas sejam necess\u00e1rias.<\/p>\n\n\n\n<p>Existe um outro projeto sobre epidemias e vigil\u00e2ncia sanit\u00e1ria, mais amplo, que deve come\u00e7ar a ganhar forma a partir da pr\u00f3xima semana. O governo desistiu de avan\u00e7ar com esse texto, com 84 artigos, para priorizar a emerg\u00eancia atual. Por isso, um texto mais curto foi entregue aos deputados. O ministro da Sa\u00fade, Luiz Henrique Mandetta, esteve na C\u00e2mara no final da tarde para costurar um acordo com as lideran\u00e7as da Casa e garantir a aprova\u00e7\u00e3o do projeto de lei emergencial.<\/p>\n\n\n\n<p>\u201cO projeto inteiro tem aproximadamente 84 artigos e seria pedir demais que a gente votasse 84 artigos de temas pol\u00eamicos numa situa\u00e7\u00e3o como a de hoje, que \u00e9 votar um texto enxuto, muito resumido, que se utiliza para esse momento do coronav\u00edrus, para essa quest\u00e3o da quarentena, e na segunda-feira a gente revisa e manda o PL para ter a discuss\u00e3o sem ser de urg\u00eancia\u201d, disse Mandetta.<\/p>\n\n\n\n<p>Os primeiros casos de coronav\u00edrus surgiram na cidade de Wuhan, na China. O \u00faltimo boletim divulgado pelo pa\u00eds asi\u00e1tico registrou 20.438 casos e&nbsp;<a href=\"http:\/\/agenciabrasil.ebc.com.br\/internacional\/noticia\/2020-02\/mortes-por-coronavirus-passam-de-400-na-china\" target=\"_blank\" rel=\"noreferrer noopener\">425 mortes causadas pelo v\u00edrus<\/a>. Fora da China continental, 185 infec\u00e7\u00f5es pelo novo coronav\u00edrus foram confirmadas em 26 pa\u00edses e territ\u00f3rios.&nbsp;<\/p>\n\n\n\n<p>Atualmente h\u00e1, segundo lista preliminar do Minist\u00e9rio das Rela\u00e7\u00f5es Exteriores (MRE), um total de 29 pessoas, sendo 24 brasileiros e 5 chineses, que s\u00e3o c\u00f4njuges ou pais dos cidad\u00e3os brasileiros, que est\u00e3o em Wuhan e que requisitaram ser resgatados pelo governo brasileiro. Nenhum apresenta&nbsp;sintomas da doen\u00e7a. Eles ser\u00e3o repatriados em duas aeronaves reservas da Presid\u00eancia da Rep\u00fablica. Quem apresentar sintomas compat\u00edveis com o coronav\u00edrus n\u00e3o poder\u00e1 viajar.<\/p>\n\n\n\n<p>J\u00e1 est\u00e1 definido que os brasileiros que ser\u00e3o trazidos de Wuhan&nbsp;<a href=\"http:\/\/agenciabrasil.ebc.com.br\/saude\/noticia\/2020-02\/brasileiros-repatriados-da-china-ficarao-de-quarentena-em-goias\" target=\"_blank\" rel=\"noreferrer noopener\">ficar\u00e3o em isolamento&nbsp;<\/a>na cidade de An\u00e1polis (GO). Os dois avi\u00f5es da For\u00e7a A\u00e9rea Brasileira (FAB) saem de Bras\u00edlia amanh\u00e3 (5), com previs\u00e3o de chegada em Wuhan na madrugada de sexta-feira (7), para buscar os brasileiros.<\/p>\n","protected":false},"excerpt":{"rendered":"<p>A C\u00e2mara dos Deputados aprovou na noite de hoje (4), em plen\u00e1rio, um projeto de lei (PL) que estabelece regras e medidas para controle, no&hellip; <\/p>\n","protected":false},"author":1,"featured_media":151607,"comment_status":"closed","ping_status":"closed","sticky":false,"template":"","format":"standard","meta":{"sfsi_plus_gutenberg_text_before_share":"","sfsi_plus_gutenberg_show_text_before_share":"","sfsi_plus_gutenberg_icon_type":"","sfsi_plus_gutenberg_icon_alignemt":"","sfsi_plus_gutenburg_max_per_row":"","footnotes":""},"categories":[2],"tags":[],"class_list":["post-151606","post","type-post","status-publish","format-standard","has-post-thumbnail","hentry","category-geral"],"_links":{"self":[{"href":"https:\/\/www.caririemacao.com\/1\/wp-json\/wp\/v2\/posts\/151606","targetHints":{"allow":["GET"]}}],"collection":[{"href":"https:\/\/www.caririemacao.com\/1\/wp-json\/wp\/v2\/posts"}],"about":[{"href":"https:\/\/www.caririemacao.com\/1\/wp-json\/wp\/v2\/types\/post"}],"author":[{"embeddable":true,"href":"https:\/\/www.caririemacao.com\/1\/wp-json\/wp\/v2\/users\/1"}],"replies":[{"embeddable":true,"href":"https:\/\/www.caririemacao.com\/1\/wp-json\/wp\/v2\/comments?post=151606"}],"version-history":[{"count":1,"href":"https:\/\/www.caririemacao.com\/1\/wp-json\/wp\/v2\/posts\/151606\/revisions"}],"predecessor-version":[{"id":151608,"href":"https:\/\/www.caririemacao.com\/1\/wp-json\/wp\/v2\/posts\/151606\/revisions\/151608"}],"wp:featuredmedia":[{"embeddable":true,"href":"https:\/\/www.caririemacao.com\/1\/wp-json\/wp\/v2\/media\/151607"}],"wp:attachment":[{"href":"https:\/\/www.caririemacao.com\/1\/wp-json\/wp\/v2\/media?parent=151606"}],"wp:term":[{"taxonomy":"category","embeddable":true,"href":"https:\/\/www.caririemacao.com\/1\/wp-json\/wp\/v2\/categories?post=151606"},{"taxonomy":"post_tag","embeddable":true,"href":"https:\/\/www.caririemacao.com\/1\/wp-json\/wp\/v2\/tags?post=151606"}],"curies":[{"name":"wp","href":"https:\/\/api.w.org\/{rel}","templated":true}]}}