{"id":151609,"date":"2020-02-05T08:11:44","date_gmt":"2020-02-05T11:11:44","guid":{"rendered":"http:\/\/www.caririemacao.com\/1\/?p=151609"},"modified":"2020-02-05T08:11:47","modified_gmt":"2020-02-05T11:11:47","slug":"observatorio-da-ufrj-realiza-amanha-primeira-noite-astronomica-do-ano","status":"publish","type":"post","link":"https:\/\/www.caririemacao.com\/1\/2020\/02\/05\/observatorio-da-ufrj-realiza-amanha-primeira-noite-astronomica-do-ano\/","title":{"rendered":"Observat\u00f3rio da UFRJ realiza amanh\u00e3 primeira noite astron\u00f4mica do ano"},"content":{"rendered":"\n<p> Cariocas e turistas t\u00eam um programa agendado amanh\u00e3 (5), no Observat\u00f3rio do Valongo (OV), da Universidade Federal do Rio de Janeiro (UFRJ), localizado na Ladeira do Pedro Antonio, Morro da Concei\u00e7\u00e3o, bairro da Sa\u00fade, regi\u00e3o central do Rio de Janeiro. Trata-se da \u201cPrimeira Noite de Observa\u00e7\u00e3o Astron\u00f4mica do Ano\u201d do Observat\u00f3rio do Valongo.<\/p>\n\n\n\n<p>O coordenador do evento, astr\u00f4nomo Daniel Mello, disse hoje (4) \u00e0&nbsp;<strong>Ag\u00eancia Brasil<\/strong>&nbsp;que n\u00e3o \u00e9 necess\u00e1rio fazer inscri\u00e7\u00e3o pr\u00e9via. Basta a pessoa chegar no OV entre 19h e 22h. Ser\u00e3o respeitadas apenas duas coisas: o limite m\u00e1ximo de 150 pessoas e a colabora\u00e7\u00e3o do tempo. \u201cA gente precisa de um tempo sem nuvens ou, no m\u00e1ximo, que apare\u00e7am somente nuvens bem esparsas\u201d, disse Mello. Adiantou que, de qualquer forma, se a atividade n\u00e3o conseguir ser feita amanh\u00e3, ela ser\u00e1 remarcada automaticamente para a pr\u00f3xima quarta-feira (12), no mesmo hor\u00e1rio.<\/p>\n\n\n\n<p>N\u00e3o h\u00e1 restri\u00e7\u00e3o para faixa et\u00e1ria. Pessoas de todas as idades podem participar do evento. Daniel Mello explicou que a primeira parte da observa\u00e7\u00e3o noturna compreende informa\u00e7\u00f5es b\u00e1sicas que s\u00e3o passadas \u00e0s pessoas antes de utilizarem os telesc\u00f3pios. \u201cA gente mostra primeiro o c\u00e9u, os astros que est\u00e3o vis\u00edveis, atrav\u00e9s de um apontador estelar a olho nu. Primeiro, as pessoas v\u00e3o aprender a reconhecer as constela\u00e7\u00f5es, as principais estrelas, a conhecer os planetas que estiverem vis\u00edveis, como esses astros se movimentam no c\u00e9u. Tudo utilizando uma linguagem bem adequada para p\u00fablico leigo, mostrando essa parte mais introdut\u00f3ria da astronomia e dando espa\u00e7o para as pessoas fazerem perguntas, questionamentos. Isso \u00e9 superimportante\u201d, definiu o astr\u00f4nomo do OV.<\/p>\n\n\n\n<h2 class=\"wp-block-heading\">Telesc\u00f3pios<\/h2>\n\n\n\n<p>A segunda parte da observa\u00e7\u00e3o noturna envolve a apresenta\u00e7\u00e3o dos astros vis\u00edveis por meio dos telesc\u00f3pios e \u00e9 uma maneira dessas pessoas apreenderem para que servem esses instrumentos, disse Mello. \u201cA gente consegue ver coisas em detalhes com o telesc\u00f3pio que n\u00e3o consegue ver com nossos olhos\u201d. Nesse programa, h\u00e1 a observa\u00e7\u00e3o da Lua, do planeta V\u00eanus que est\u00e1 brilhante nessa \u00e9poca do ano, e de outros astros especiais que s\u00f3 s\u00e3o vis\u00edveis por meio do telesc\u00f3pio. Os curiosos ter\u00e3o oportunidade de ver as crateras lunares, as fases do planeta V\u00eanus invis\u00edveis a olho nu, por exemplo.<\/p>\n\n\n\n<p>Daniel Mello informou que uma coisa interessante que vai ocorrer no hor\u00e1rio da observa\u00e7\u00e3o \u00e9 a passagem do Telesc\u00f3pio Hubble pelos c\u00e9us do Rio de Janeiro. \u201cPoucas pessoas sabem, mas ele \u00e9 vis\u00edvel a olho nu\u201d, destacou o astr\u00f4nomo, tamb\u00e9m coordenador de extens\u00e3o do OV. O Telesc\u00f3pio Espacial Hubble \u00e9 um sat\u00e9lite artificial n\u00e3o tripulado que transporta um grande telesc\u00f3pio para luz vis\u00edvel e infravermelha. Foi lan\u00e7ado pela ag\u00eancia espacial dos Estados Unidos (NASA), em 24 de abril de 1990, a bordo do \u00f4nibus espacial Discovery. \u00c9 preciso, entretanto, que haja a colabora\u00e7\u00e3o do tempo para que as pessoas possam assistir \u00e0 passagem do Hubble, reiterou Mello. \u201cN\u00e3o precisa nem chover; basta o tempo ficar nublado e a gente n\u00e3o vai poder fazer nenhuma das atividades\u201d.<\/p>\n\n\n\n<h2 class=\"wp-block-heading\">Agenda<\/h2>\n\n\n\n<p>Para mar\u00e7o pr\u00f3ximo j\u00e1 est\u00e1 programada a \u201cSemana de \u00d3rion\u201d, para observa\u00e7\u00e3o da constela\u00e7\u00e3o do mesmo nome, uma das mais conhecidas do p\u00fablico e, talvez, como adiantou Daniel Mello, o Observat\u00f3rio do Valongo apresente o \u201cPrimeiro S\u00e1bado Astron\u00f4mico\u201d, que dever\u00e1 se repetir uma vez em cada m\u00eas. Em junho, est\u00e1 prevista a \u201cSemana dos Planetas Gigantes\u201d. Essa agenda exige a realiza\u00e7\u00e3o de inscri\u00e7\u00f5es pr\u00e9vias.<\/p>\n\n\n\n<p>Entre mar\u00e7o e novembro ser\u00e3o dados cursos de extens\u00e3o do OV. O primeiro tema \u00e9 introdu\u00e7\u00e3o \u00e0 astronomia. No mesmo per\u00edodo \u00e9 oferecido um ciclo de palestras denominado \u201cAstronomia para Poetas\u201d, em que os professores falam de temas diversos utilizando uma linguagem mais po\u00e9tica, n\u00e3o cient\u00edfica, visando atrair mais p\u00fablico interessado em ci\u00eancia. As palestras s\u00e3o realizadas tamb\u00e9m \u00e0s quartas-feiras, antecedendo as observa\u00e7\u00f5es noturnas.<\/p>\n\n\n\n<p>Est\u00e1 agendada ainda, no dia 9 de mar\u00e7o, a observa\u00e7\u00e3o de uma super lua, que se repetir\u00e1 no dia 7 de maio. O acesso ser\u00e1 franqueado ao p\u00fablico interessado. Daniel Mello esclareceu que os cursos, dependendo do assunto abordado, t\u00eam entre tr\u00eas e oito aulas. Eles falam sobre temas espec\u00edficos como, por exemplo, hist\u00f3ria da Astronomia, astrobiologia, buracos negros, sistema solar, exoplanetas, cosmologia e gal\u00e1xias, introdu\u00e7\u00e3o \u00e0 astrofotografia, entre outros. Os cursos s\u00e3o limitados \u00e0 lota\u00e7\u00e3o entre 20 e 30 pessoas.<\/p>\n\n\n\n<p>O Observat\u00f3rio do Valongo da UFRJ \u00e9 vinculado ao Centro de Ci\u00eancias Matem\u00e1ticas e da Natureza e oferece visitas guiadas de ter\u00e7a a sexta-feira, no hor\u00e1rio de 11h as 16h.<\/p>\n","protected":false},"excerpt":{"rendered":"<p>Cariocas e turistas t\u00eam um programa agendado amanh\u00e3 (5), no Observat\u00f3rio do Valongo (OV), da Universidade Federal do Rio de Janeiro (UFRJ), localizado na Ladeira&hellip; <\/p>\n","protected":false},"author":1,"featured_media":151610,"comment_status":"closed","ping_status":"closed","sticky":false,"template":"","format":"standard","meta":{"sfsi_plus_gutenberg_text_before_share":"","sfsi_plus_gutenberg_show_text_before_share":"","sfsi_plus_gutenberg_icon_type":"","sfsi_plus_gutenberg_icon_alignemt":"","sfsi_plus_gutenburg_max_per_row":"","footnotes":""},"categories":[2],"tags":[],"class_list":["post-151609","post","type-post","status-publish","format-standard","has-post-thumbnail","hentry","category-geral"],"_links":{"self":[{"href":"https:\/\/www.caririemacao.com\/1\/wp-json\/wp\/v2\/posts\/151609","targetHints":{"allow":["GET"]}}],"collection":[{"href":"https:\/\/www.caririemacao.com\/1\/wp-json\/wp\/v2\/posts"}],"about":[{"href":"https:\/\/www.caririemacao.com\/1\/wp-json\/wp\/v2\/types\/post"}],"author":[{"embeddable":true,"href":"https:\/\/www.caririemacao.com\/1\/wp-json\/wp\/v2\/users\/1"}],"replies":[{"embeddable":true,"href":"https:\/\/www.caririemacao.com\/1\/wp-json\/wp\/v2\/comments?post=151609"}],"version-history":[{"count":1,"href":"https:\/\/www.caririemacao.com\/1\/wp-json\/wp\/v2\/posts\/151609\/revisions"}],"predecessor-version":[{"id":151611,"href":"https:\/\/www.caririemacao.com\/1\/wp-json\/wp\/v2\/posts\/151609\/revisions\/151611"}],"wp:featuredmedia":[{"embeddable":true,"href":"https:\/\/www.caririemacao.com\/1\/wp-json\/wp\/v2\/media\/151610"}],"wp:attachment":[{"href":"https:\/\/www.caririemacao.com\/1\/wp-json\/wp\/v2\/media?parent=151609"}],"wp:term":[{"taxonomy":"category","embeddable":true,"href":"https:\/\/www.caririemacao.com\/1\/wp-json\/wp\/v2\/categories?post=151609"},{"taxonomy":"post_tag","embeddable":true,"href":"https:\/\/www.caririemacao.com\/1\/wp-json\/wp\/v2\/tags?post=151609"}],"curies":[{"name":"wp","href":"https:\/\/api.w.org\/{rel}","templated":true}]}}