{"id":151617,"date":"2020-02-05T08:17:00","date_gmt":"2020-02-05T11:17:00","guid":{"rendered":"http:\/\/www.caririemacao.com\/1\/?p=151617"},"modified":"2020-02-05T08:17:02","modified_gmt":"2020-02-05T11:17:02","slug":"bolsonaro-vai-a-polonia-neste-ano","status":"publish","type":"post","link":"https:\/\/www.caririemacao.com\/1\/2020\/02\/05\/bolsonaro-vai-a-polonia-neste-ano\/","title":{"rendered":"Bolsonaro vai \u00e0 Pol\u00f4nia neste ano"},"content":{"rendered":"\n<p>O presidente Jair Bolsonaro se encontrou, na tarde de hoje (4), no Pal\u00e1cio do Planalto, com o ministro das Rela\u00e7\u00f5es Exteriores da Pol\u00f4nia, Jacek Czaputowicz. Ap\u00f3s a reuni\u00e3o, que contou com a participa\u00e7\u00e3o do chanceler Ernesto Ara\u00fajo, o presidente afirmou que visitar\u00e1 o pa\u00eds europeu este ano.<\/p>\n\n\n\n<p>\u201cVisita do chanceler Jaceck Czaputowicz. Confirmei ida \u00e0 Pol\u00f4nia no corrente ano\u201d, publicou Bolsonaro em sua conta oficial no Twitter. Ele n\u00e3o informou quando pretende fazer a viagem, mas ela deve ocorrer ainda no primeiro semestre. &nbsp;<\/p>\n\n\n\n<figure class=\"wp-block-image\"><a href=\"https:\/\/twitter.com\/jairbolsonaro\"><img decoding=\"async\" data-src=\"https:\/\/pbs.twimg.com\/profile_images\/1057631480459886595\/9VPdGJJz_bigger.jpg\" alt=\"\" src=\"data:image\/svg+xml;base64,PHN2ZyB3aWR0aD0iMSIgaGVpZ2h0PSIxIiB4bWxucz0iaHR0cDovL3d3dy53My5vcmcvMjAwMC9zdmciPjwvc3ZnPg==\" class=\"lazyload\" \/><\/a><\/figure>\n\n\n\n<p><a href=\"https:\/\/twitter.com\/jairbolsonaro\"><strong>Jair M. Bolsonaro<\/strong><strong>&#x2714;<\/strong>@jairbolsonaro<\/a><a href=\"https:\/\/twitter.com\/jairbolsonaro\/status\/1224762061936365568\"><\/a><\/p>\n\n\n\n<p>&#8211; Visita do Chanceler polon\u00eas Jacek Czaputowicz.<br><br>&#8211; Confirmei ida \u00e0 Pol\u00f4nia no corrente ano.<\/p>\n\n\n\n<figure class=\"wp-block-image\"><a href=\"https:\/\/twitter.com\/jairbolsonaro\/status\/1224762061936365568\/photo\/1\"><img decoding=\"async\" src=\"https:\/\/pbs.twimg.com\/media\/EP86mTmWoAInMYM?format=jpg&amp;name=small\" alt=\"Ver imagem no Twitter\"\/><\/a><\/figure>\n\n\n\n<p><a href=\"https:\/\/twitter.com\/intent\/like?tweet_id=1224762061936365568\">17,6&nbsp;mil<\/a><a href=\"https:\/\/twitter.com\/jairbolsonaro\/status\/1224762061936365568\">15:30 &#8211; 4 de fev de 2020<\/a><a href=\"https:\/\/support.twitter.com\/articles\/20175256\">Informa\u00e7\u00f5es e privacidade no Twitter Ads<\/a><a href=\"https:\/\/twitter.com\/jairbolsonaro\/status\/1224762061936365568\">3.226 pessoas est\u00e3o falando sobre isso<\/a><\/p>\n\n\n\n<p>Mais cedo, o chanceler polon\u00eas se reuniu com o ministro brasileiro da Rela\u00e7\u00f5es Exteriores no Pal\u00e1cio do Itamaraty. Em 2020, Brasil e Pol\u00f4nia celebram 100 anos de rela\u00e7\u00f5es bilaterais. Em declara\u00e7\u00e3o conjunta, Ernesto Ara\u00fajo e Jacek Czaputowicz afirmaram que foram debatidas possibilidades de coopera\u00e7\u00e3o nas \u00e1reas de defesa, ci\u00eancia e tecnologia e educa\u00e7\u00e3o.<\/p>\n\n\n\n<figure class=\"wp-block-image\"><img decoding=\"async\" data-src=\"http:\/\/imagens.ebc.com.br\/BRu5oncTVin02a1TddF0_YvDmx8=\/754x0\/smart\/http:\/\/agenciabrasil.ebc.com.br\/sites\/default\/files\/thumbnails\/image\/vac_040220_6187.jpg?itok=9qE0ZIJs\" alt=\"O ministro das Rela\u00e7\u00f5es Exteriores, Ernesto Ara\u00fajo, e o ministro dos Neg\u00f3cios Estrangeiros da Pol\u00f4nia, Jacek Czaputowicz chegam ao Pal\u00e1cio do Planalto\" src=\"data:image\/svg+xml;base64,PHN2ZyB3aWR0aD0iMSIgaGVpZ2h0PSIxIiB4bWxucz0iaHR0cDovL3d3dy53My5vcmcvMjAwMC9zdmciPjwvc3ZnPg==\" class=\"lazyload\" \/><\/figure>\n\n\n\n<h6 class=\"wp-block-heading\">O ministro das Rela\u00e7\u00f5es Exteriores, Ernesto Ara\u00fajo, e o ministro dos Neg\u00f3cios Estrangeiros da Pol\u00f4nia, Jacek Czaputowicz chegam ao Pal\u00e1cio do Planalto &#8211;&nbsp;<strong>Valter Campanato\/Ag\u00eancia Brasil<\/strong><\/h6>\n\n\n\n<p>A nota tamb\u00e9m enfatiza a defesa da liberdade religiosa e reivindica que &#8220;foros e organismos internacionais reflitam a vontade das na\u00e7\u00f5es que os integram, respeitando suas identidades e favorecendo assim sua conviv\u00eancia soberana em busca da paz e prosperidade&#8221;.<\/p>\n\n\n\n<h2 class=\"wp-block-heading\">Conservadores<\/h2>\n\n\n\n<p>A Pol\u00f4nia, que integra a Uni\u00e3o Europeia, \u00e9 atualmente governada pelo Partido da Lei e Justi\u00e7a (PiS), que desenvolve uma agenda conservadora no pa\u00eds desde 2015. Eles foram reeleitos no ano passado para mais um mandato \u00e0 frente do pa\u00eds.<\/p>\n\n\n\n<p>Al\u00e9m da Pol\u00f4nia, o presidente Jair Bolsonaro tamb\u00e9m j\u00e1 manifestou o desejo de visitar a Hungria, governada pelo ultraconservador Vikton Orb\u00e1n, que j\u00e1 recebeu em Budapeste, capital do pa\u00eds, o pr\u00f3pio chanceler brasileiro, Ernesto Ara\u00fajo, e o deputado federal Eduardo Bolsonaro, filho do presidente Jair Bolsonaro.<\/p>\n\n\n\n<h2 class=\"wp-block-heading\">Com\u00e9rcio bilateral<\/h2>\n\n\n\n<p>A Pol\u00f4nia ocupa a 44\u00aa posi\u00e7\u00e3o no&nbsp;<em>ranking<\/em>&nbsp;de exporta\u00e7\u00f5es do Brasil. O fluxo de com\u00e9rcio (importa\u00e7\u00f5es e exporta\u00e7\u00f5es) entre os dois pa\u00edses foi de US$ 1,37 bilh\u00e3o em 2019, com saldo comercial favor\u00e1vel ao Brasil. A economia brasileira exporta principalmente min\u00e9rio de ferro e farelo de soja, enquanto os poloneses vendem ao Brasil medicamentos, pe\u00e7as de autom\u00f3veis, entre outros produtos manufaturados.<\/p>\n","protected":false},"excerpt":{"rendered":"<p>O presidente Jair Bolsonaro se encontrou, na tarde de hoje (4), no Pal\u00e1cio do Planalto, com o ministro das Rela\u00e7\u00f5es Exteriores da Pol\u00f4nia, Jacek Czaputowicz.&hellip; <\/p>\n","protected":false},"author":1,"featured_media":151620,"comment_status":"closed","ping_status":"closed","sticky":false,"template":"","format":"standard","meta":{"sfsi_plus_gutenberg_text_before_share":"","sfsi_plus_gutenberg_show_text_before_share":"","sfsi_plus_gutenberg_icon_type":"","sfsi_plus_gutenberg_icon_alignemt":"","sfsi_plus_gutenburg_max_per_row":"","footnotes":""},"categories":[11],"tags":[],"class_list":["post-151617","post","type-post","status-publish","format-standard","has-post-thumbnail","hentry","category-politica"],"_links":{"self":[{"href":"https:\/\/www.caririemacao.com\/1\/wp-json\/wp\/v2\/posts\/151617","targetHints":{"allow":["GET"]}}],"collection":[{"href":"https:\/\/www.caririemacao.com\/1\/wp-json\/wp\/v2\/posts"}],"about":[{"href":"https:\/\/www.caririemacao.com\/1\/wp-json\/wp\/v2\/types\/post"}],"author":[{"embeddable":true,"href":"https:\/\/www.caririemacao.com\/1\/wp-json\/wp\/v2\/users\/1"}],"replies":[{"embeddable":true,"href":"https:\/\/www.caririemacao.com\/1\/wp-json\/wp\/v2\/comments?post=151617"}],"version-history":[{"count":1,"href":"https:\/\/www.caririemacao.com\/1\/wp-json\/wp\/v2\/posts\/151617\/revisions"}],"predecessor-version":[{"id":151621,"href":"https:\/\/www.caririemacao.com\/1\/wp-json\/wp\/v2\/posts\/151617\/revisions\/151621"}],"wp:featuredmedia":[{"embeddable":true,"href":"https:\/\/www.caririemacao.com\/1\/wp-json\/wp\/v2\/media\/151620"}],"wp:attachment":[{"href":"https:\/\/www.caririemacao.com\/1\/wp-json\/wp\/v2\/media?parent=151617"}],"wp:term":[{"taxonomy":"category","embeddable":true,"href":"https:\/\/www.caririemacao.com\/1\/wp-json\/wp\/v2\/categories?post=151617"},{"taxonomy":"post_tag","embeddable":true,"href":"https:\/\/www.caririemacao.com\/1\/wp-json\/wp\/v2\/tags?post=151617"}],"curies":[{"name":"wp","href":"https:\/\/api.w.org\/{rel}","templated":true}]}}