{"id":151623,"date":"2020-02-05T08:51:21","date_gmt":"2020-02-05T11:51:21","guid":{"rendered":"http:\/\/www.caririemacao.com\/1\/?p=151623"},"modified":"2020-02-05T08:52:56","modified_gmt":"2020-02-05T11:52:56","slug":"criminosos-explodem-agencia-dos-correios-e-provocam-terror-em-cidade-na-regiao-do-cariri","status":"publish","type":"post","link":"https:\/\/www.caririemacao.com\/1\/2020\/02\/05\/criminosos-explodem-agencia-dos-correios-e-provocam-terror-em-cidade-na-regiao-do-cariri\/","title":{"rendered":"Criminosos explodem ag\u00eancia dos Correios e provocam terror em cidade na regi\u00e3o do Cariri"},"content":{"rendered":"\n<div class=\"wp-block-image\"><figure class=\"aligncenter\"><img decoding=\"async\" data-src=\"http:\/\/deolhonocariri.com.br\/wp-content\/uploads\/2020\/02\/84507780_507020580231328_8172129175696572416_n.jpg\" alt=\"\" class=\"wp-image-77491 lazyload\" src=\"data:image\/svg+xml;base64,PHN2ZyB3aWR0aD0iMSIgaGVpZ2h0PSIxIiB4bWxucz0iaHR0cDovL3d3dy53My5vcmcvMjAwMC9zdmciPjwvc3ZnPg==\" \/><\/figure><\/div>\n\n\n\n<p>Mais uma ag\u00eancia dos Correios de cidade do Cariri virou alvo dos criminosos durante a madrugada desta quarta-feira(05). Desta vez, os assaltantes resolveram atacar a ag\u00eancia banc\u00e1ria em Boqueir\u00e3o, Cariri da Para\u00edba.<\/p>\n\n\n\n<p>Momentos de terror foram registrados na cidade, que, inclusive, j\u00e1 n\u00e3o possui circula\u00e7\u00e3o de dinheiro em ag\u00eancias banc\u00e1rias devido a casos como este.<\/p>\n\n\n\n<p>Segundo informa\u00e7\u00f5es, o grupo de criminosos chegou at\u00e9 a cidade e distribuiu explosivos nas entradas, al\u00e9m de disparar diversas vezes com armas de fogo de alto calibre.<\/p>\n\n\n\n<p>Um cidad\u00e3o, que trafegava em um ve\u00edculo na localidade no momento da a\u00e7\u00e3o, foi rendido e feito ref\u00e9m, liberado apenas momentos depois.<\/p>\n\n\n\n<p>No entanto, ainda de acordo com informa\u00e7\u00f5es, a ag\u00eancia dos Correios explodida n\u00e3o possu\u00eda dinheiro, e, ap\u00f3s cerca de 10 minutos de terror, os bandidos fugiram distribuindo grampos pela estrada.<\/p>\n\n\n\n<p><strong>De Olho no Cariri&nbsp;<\/strong><\/p>\n","protected":false},"excerpt":{"rendered":"<p>Mais uma ag\u00eancia dos Correios de cidade do Cariri virou alvo dos criminosos durante a madrugada desta quarta-feira(05). Desta vez, os assaltantes resolveram atacar a&hellip; <\/p>\n","protected":false},"author":1,"featured_media":151627,"comment_status":"closed","ping_status":"closed","sticky":false,"template":"","format":"standard","meta":{"sfsi_plus_gutenberg_text_before_share":"","sfsi_plus_gutenberg_show_text_before_share":"","sfsi_plus_gutenberg_icon_type":"","sfsi_plus_gutenberg_icon_alignemt":"","sfsi_plus_gutenburg_max_per_row":"","footnotes":""},"categories":[12],"tags":[],"class_list":["post-151623","post","type-post","status-publish","format-standard","has-post-thumbnail","hentry","category-policia"],"_links":{"self":[{"href":"https:\/\/www.caririemacao.com\/1\/wp-json\/wp\/v2\/posts\/151623","targetHints":{"allow":["GET"]}}],"collection":[{"href":"https:\/\/www.caririemacao.com\/1\/wp-json\/wp\/v2\/posts"}],"about":[{"href":"https:\/\/www.caririemacao.com\/1\/wp-json\/wp\/v2\/types\/post"}],"author":[{"embeddable":true,"href":"https:\/\/www.caririemacao.com\/1\/wp-json\/wp\/v2\/users\/1"}],"replies":[{"embeddable":true,"href":"https:\/\/www.caririemacao.com\/1\/wp-json\/wp\/v2\/comments?post=151623"}],"version-history":[{"count":2,"href":"https:\/\/www.caririemacao.com\/1\/wp-json\/wp\/v2\/posts\/151623\/revisions"}],"predecessor-version":[{"id":151631,"href":"https:\/\/www.caririemacao.com\/1\/wp-json\/wp\/v2\/posts\/151623\/revisions\/151631"}],"wp:featuredmedia":[{"embeddable":true,"href":"https:\/\/www.caririemacao.com\/1\/wp-json\/wp\/v2\/media\/151627"}],"wp:attachment":[{"href":"https:\/\/www.caririemacao.com\/1\/wp-json\/wp\/v2\/media?parent=151623"}],"wp:term":[{"taxonomy":"category","embeddable":true,"href":"https:\/\/www.caririemacao.com\/1\/wp-json\/wp\/v2\/categories?post=151623"},{"taxonomy":"post_tag","embeddable":true,"href":"https:\/\/www.caririemacao.com\/1\/wp-json\/wp\/v2\/tags?post=151623"}],"curies":[{"name":"wp","href":"https:\/\/api.w.org\/{rel}","templated":true}]}}