{"id":151633,"date":"2020-02-05T08:56:25","date_gmt":"2020-02-05T11:56:25","guid":{"rendered":"http:\/\/www.caririemacao.com\/1\/?p=151633"},"modified":"2020-02-05T08:56:26","modified_gmt":"2020-02-05T11:56:26","slug":"senadores-pedem-definicao-de-prioridades-para-reforma-tributaria","status":"publish","type":"post","link":"https:\/\/www.caririemacao.com\/1\/2020\/02\/05\/senadores-pedem-definicao-de-prioridades-para-reforma-tributaria\/","title":{"rendered":"Senadores pedem defini\u00e7\u00e3o de prioridades para reforma tribut\u00e1ria"},"content":{"rendered":"\n<p>Senadores que participaram hoje (4) da primeira&nbsp;reuni\u00e3o da Comiss\u00e3o de Assuntos Econ\u00f4micos (CAE) disseram que n\u00e3o acreditam que a reforma tribut\u00e1ria possa ser aprovada ainda neste primeiro semestre. Para eles, o fato de o governo ter decidido apenas dar contribui\u00e7\u00f5es a propostas que j\u00e1 tramitam no Congresso, ao inv\u00e9s de apresentar projeto pr\u00f3prio, pode atrasar a aprova\u00e7\u00e3o.<\/p>\n\n\n\n<p>Na avalia\u00e7\u00e3o do grupo, o Executivo precisa deixar claro quais s\u00e3o suas propostas fundamentais para a reforma. Para isso, cogitam convidar o ministro da Economia, Paulo Guedes, para esclarecer esses pontos.<\/p>\n\n\n\n<p>\u201cVoc\u00ea vai ser apedrejado se o seu estado, depois de fazer as contas, perder alguma coisa. O contribuinte, se descobrir que aumentou a carga tribut\u00e1ria, vai nos apedrejar. Vamos aprovar um convite ao ministro Paulo Guedes para que venha dizer aqui o que ele pensa de verdade sobre a reforma tribut\u00e1ria&#8221;, sugeriu o senador Esperidi\u00e3o Amim (PP-SC). Amim defendeu uma reforma que torne o pa\u00eds mais competitivo, mas lembrou que esse \u00e9 um desafio antigo do Congresso.<\/p>\n\n\n\n<p>J\u00e1 o senador Tasso Jereissati (PSDB-CE) n\u00e3o acredita na aprova\u00e7\u00e3o de mudan\u00e7as t\u00e3o profundas em apenas tr\u00eas meses, como prometeu fazer na C\u00e2mara o presidente Rodrigo Maia.<\/p>\n\n\n\n<p>\u201cConfesso que fico constrangido quando as pessoas me perguntam se vamos mesmo aprovar no primeiro semestre a reforma tribut\u00e1ria. N\u00e3o sei qual \u00e9 a reforma tribut\u00e1ria. N\u00e3o existe. \u00c9 uma inconsist\u00eancia do presidente da C\u00e2mara quando fala que vai votar a reforma em tr\u00eas meses\u201d, avaliou Tasso.<\/p>\n\n\n\n<p>O senador Eduardo Braga (MDB-AM) tamb\u00e9m falou sobre a necessidade de atua\u00e7\u00e3o da equipe econ\u00f4mica do governo. \u201cEm um tema em que os estados possuem interesses difusos, diversos, onde temos de mitigar a quest\u00e3o do pacto federativo, onde \u00e9 necess\u00e1rio haver equil\u00edbrio, o governo vai ficar ausente, n\u00e3o vai apresentar uma proposta que possa ser discutida com governadores, prefeitos, com o Confaz [Conselho Nacional de Pol\u00edtica Fazend\u00e1ria], com o Congresso Nacional?\u201d, questionou.<\/p>\n\n\n\n<h2 class=\"wp-block-heading\">Propostas<\/h2>\n\n\n\n<p>Prioridade do governo no Congresso em 2020, a discuss\u00e3o em torno de uma reforma tribut\u00e1ria ganhou for\u00e7a novamente no ano passado ap\u00f3s a aprova\u00e7\u00e3o da reforma da Previd\u00eancia. Tanto a C\u00e2mara dos Deputados como o Senado t\u00eam propostas de emendas \u00e0 Constitui\u00e7\u00e3o sobre a Reforma Tribut\u00e1ria, PEC 45\/2019 e PEC 110\/2019, respectivamente.<\/p>\n\n\n\n<p>Ambas prop\u00f5em a extin\u00e7\u00e3o de diversos tributos que incidem sobre bens e servi\u00e7os. Eles seriam substitu\u00eddos por imposto \u00fanico sobre valor agregado. Os textos ser\u00e3o discutidos em uma comiss\u00e3o mista especial com o objetivo de se tornarem um texto comum, mas o colegiado ainda n\u00e3o foi instalado.<\/p>\n","protected":false},"excerpt":{"rendered":"<p>Senadores que participaram hoje (4) da primeira&nbsp;reuni\u00e3o da Comiss\u00e3o de Assuntos Econ\u00f4micos (CAE) disseram que n\u00e3o acreditam que a reforma tribut\u00e1ria possa ser aprovada ainda&hellip; <\/p>\n","protected":false},"author":1,"featured_media":151634,"comment_status":"closed","ping_status":"closed","sticky":false,"template":"","format":"standard","meta":{"sfsi_plus_gutenberg_text_before_share":"","sfsi_plus_gutenberg_show_text_before_share":"","sfsi_plus_gutenberg_icon_type":"","sfsi_plus_gutenberg_icon_alignemt":"","sfsi_plus_gutenburg_max_per_row":"","footnotes":""},"categories":[2],"tags":[],"class_list":["post-151633","post","type-post","status-publish","format-standard","has-post-thumbnail","hentry","category-geral"],"_links":{"self":[{"href":"https:\/\/www.caririemacao.com\/1\/wp-json\/wp\/v2\/posts\/151633","targetHints":{"allow":["GET"]}}],"collection":[{"href":"https:\/\/www.caririemacao.com\/1\/wp-json\/wp\/v2\/posts"}],"about":[{"href":"https:\/\/www.caririemacao.com\/1\/wp-json\/wp\/v2\/types\/post"}],"author":[{"embeddable":true,"href":"https:\/\/www.caririemacao.com\/1\/wp-json\/wp\/v2\/users\/1"}],"replies":[{"embeddable":true,"href":"https:\/\/www.caririemacao.com\/1\/wp-json\/wp\/v2\/comments?post=151633"}],"version-history":[{"count":1,"href":"https:\/\/www.caririemacao.com\/1\/wp-json\/wp\/v2\/posts\/151633\/revisions"}],"predecessor-version":[{"id":151635,"href":"https:\/\/www.caririemacao.com\/1\/wp-json\/wp\/v2\/posts\/151633\/revisions\/151635"}],"wp:featuredmedia":[{"embeddable":true,"href":"https:\/\/www.caririemacao.com\/1\/wp-json\/wp\/v2\/media\/151634"}],"wp:attachment":[{"href":"https:\/\/www.caririemacao.com\/1\/wp-json\/wp\/v2\/media?parent=151633"}],"wp:term":[{"taxonomy":"category","embeddable":true,"href":"https:\/\/www.caririemacao.com\/1\/wp-json\/wp\/v2\/categories?post=151633"},{"taxonomy":"post_tag","embeddable":true,"href":"https:\/\/www.caririemacao.com\/1\/wp-json\/wp\/v2\/tags?post=151633"}],"curies":[{"name":"wp","href":"https:\/\/api.w.org\/{rel}","templated":true}]}}