{"id":151636,"date":"2020-02-05T08:58:46","date_gmt":"2020-02-05T11:58:46","guid":{"rendered":"http:\/\/www.caririemacao.com\/1\/?p=151636"},"modified":"2020-02-05T08:58:47","modified_gmt":"2020-02-05T11:58:47","slug":"inscricoes-para-o-fies-comecam-hoje","status":"publish","type":"post","link":"https:\/\/www.caririemacao.com\/1\/2020\/02\/05\/inscricoes-para-o-fies-comecam-hoje\/","title":{"rendered":"Inscri\u00e7\u00f5es para o Fies come\u00e7am hoje"},"content":{"rendered":"\n<p>A partir desta quarta-feira est\u00e3o abertas as inscri\u00e7\u00f5es para o Fies, o Fundo de Financiamento Estudantil.<\/p>\n\n\n\n<p>Como acontece desde a edi\u00e7\u00e3o de 2018, os estudantes com renda familiar de at\u00e9 tr\u00eas sal\u00e1rios m\u00ednimos por pessoa v\u00e3o ter prioridade para receber o financiamento do curso superior em faculdades particulares, sem o pagamento de juros. Nesse caso, o financiamento vai ser feito pela Caixa Econ\u00f4mica Federal. Os candidatos v\u00e3o disputar 70 mil vagas nessa modalidade.<\/p>\n\n\n\n<p><br>J\u00e1 os estudantes que t\u00eam renda familiar per capita de at\u00e9 cinco sal\u00e1rios m\u00ednimos v\u00e3o ter acesso ao P-Fies, o programa de financiamento estudantil. Nesse caso, o empr\u00e9stimo vai ser feito por bancos privados e os juros variam de banco para banco. O estudante que tiver fiador tem mais chances de conseguir o financiamento. Nessa modalidade de empr\u00e9stimo, o n\u00famero de vagas tamb\u00e9m \u00e9 definido pela institui\u00e7\u00e3o financeira.<\/p>\n\n\n\n<p><br>Tanto para o Fies quanto para o P-Fies, os recursos do financiamento v\u00eam do Fundo Garantidor Fies.<\/p>\n\n\n\n<p><br>Podem se inscrever candidatos que tenham feito o Enem a partir da edi\u00e7\u00e3o de 2010, alcan\u00e7ado m\u00e9dia de 450 pontos e n\u00e3o tenha tirado zero na reda\u00e7\u00e3o.<\/p>\n\n\n\n<p><br>As inscri\u00e7\u00f5es v\u00e3o at\u00e9 o dia 12 de fevereiro e devem ser feitas pelo site&nbsp;<a href=\"http:\/\/fies.mec.gov.br\/\">fies.mec.gov.br<\/a>. Os Resultados da sele\u00e7\u00e3o come\u00e7am a ser divulgados no dia 26 de fevereiro.<\/p>\n\n\n\n<p><br>O financiamento come\u00e7a a ser cobrado do estudante a partir do primeiro m\u00eas ap\u00f3s a conclus\u00e3o do curso.<\/p>\n","protected":false},"excerpt":{"rendered":"<p>A partir desta quarta-feira est\u00e3o abertas as inscri\u00e7\u00f5es para o Fies, o Fundo de Financiamento Estudantil. Como acontece desde a edi\u00e7\u00e3o de 2018, os estudantes&hellip; <\/p>\n","protected":false},"author":1,"featured_media":113811,"comment_status":"closed","ping_status":"closed","sticky":false,"template":"","format":"standard","meta":{"sfsi_plus_gutenberg_text_before_share":"","sfsi_plus_gutenberg_show_text_before_share":"","sfsi_plus_gutenberg_icon_type":"","sfsi_plus_gutenberg_icon_alignemt":"","sfsi_plus_gutenburg_max_per_row":"","footnotes":""},"categories":[14],"tags":[],"class_list":["post-151636","post","type-post","status-publish","format-standard","has-post-thumbnail","hentry","category-educacao"],"_links":{"self":[{"href":"https:\/\/www.caririemacao.com\/1\/wp-json\/wp\/v2\/posts\/151636","targetHints":{"allow":["GET"]}}],"collection":[{"href":"https:\/\/www.caririemacao.com\/1\/wp-json\/wp\/v2\/posts"}],"about":[{"href":"https:\/\/www.caririemacao.com\/1\/wp-json\/wp\/v2\/types\/post"}],"author":[{"embeddable":true,"href":"https:\/\/www.caririemacao.com\/1\/wp-json\/wp\/v2\/users\/1"}],"replies":[{"embeddable":true,"href":"https:\/\/www.caririemacao.com\/1\/wp-json\/wp\/v2\/comments?post=151636"}],"version-history":[{"count":1,"href":"https:\/\/www.caririemacao.com\/1\/wp-json\/wp\/v2\/posts\/151636\/revisions"}],"predecessor-version":[{"id":151638,"href":"https:\/\/www.caririemacao.com\/1\/wp-json\/wp\/v2\/posts\/151636\/revisions\/151638"}],"wp:featuredmedia":[{"embeddable":true,"href":"https:\/\/www.caririemacao.com\/1\/wp-json\/wp\/v2\/media\/113811"}],"wp:attachment":[{"href":"https:\/\/www.caririemacao.com\/1\/wp-json\/wp\/v2\/media?parent=151636"}],"wp:term":[{"taxonomy":"category","embeddable":true,"href":"https:\/\/www.caririemacao.com\/1\/wp-json\/wp\/v2\/categories?post=151636"},{"taxonomy":"post_tag","embeddable":true,"href":"https:\/\/www.caririemacao.com\/1\/wp-json\/wp\/v2\/tags?post=151636"}],"curies":[{"name":"wp","href":"https:\/\/api.w.org\/{rel}","templated":true}]}}