{"id":151643,"date":"2020-02-05T10:54:51","date_gmt":"2020-02-05T13:54:51","guid":{"rendered":"http:\/\/www.caririemacao.com\/1\/?p=151643"},"modified":"2020-02-05T10:54:54","modified_gmt":"2020-02-05T13:54:54","slug":"flamengo-e-athletico-pr-decidem-supercopa-do-brasil-em-16-de-fevereiro","status":"publish","type":"post","link":"https:\/\/www.caririemacao.com\/1\/2020\/02\/05\/flamengo-e-athletico-pr-decidem-supercopa-do-brasil-em-16-de-fevereiro\/","title":{"rendered":"Flamengo e Athletico-PR decidem Supercopa do Brasil em 16 de fevereiro"},"content":{"rendered":"\n<p>Os detalhes da realiza\u00e7\u00e3o da Supercopa do Brasil foram anunciados oficialmente hoje (4), durante evento na sede da CBF, na Barra da Tijuca, na Zona Oeste do Rio de Janeiro. O torneio, criado no in\u00edcio de 1990, volta a acontecer este ano,&nbsp;mas desta vez, em jogo \u00fanico. A decis\u00e3o vai colocar frente a frente os atuais campe\u00f5es do Brasileir\u00e3o (Flamengo) e da Copa do Brasil (Athletico-PR), no dia 16 de fevereiro, um domingo, \u00e0s 11h, no est\u00e1dio Man\u00e9 Garrincha, em Bras\u00edlia.<\/p>\n\n\n\n<p>O encontro na CBF contou com a presen\u00e7a dos t\u00e9cnicos Jorge Jesus, do Flamengo, e Dorival J\u00fanior, do Athletico-PR, al\u00e9m do meia campista rubro-negro Diego, e do volante Wellington, do Furac\u00e3o.&nbsp;Foram apresentados detalhes do regulamento e da organiza\u00e7\u00e3o da decis\u00e3o. O diretor de competi\u00e7\u00f5es da CBF, Manoel Flores, disse que a realiza\u00e7\u00e3o do torneio era um desejo antigo entidade. A competi\u00e7\u00e3o foi criada em 1990, tendo como inspira\u00e7\u00e3o torneios europeus que re\u00fanem os dois campe\u00f5es nacionais, no in\u00edcio da temporada seguinte. Houve apenas duas decis\u00f5es de Supercopa: em 1990 o Gr\u00eamio se sagrou campe\u00e3o ao vencer o Vasco; e em 1991 o Corinthians faturou o t\u00edtulo ao ganhar do Flamengo.&nbsp;<\/p>\n\n\n\n<p>Ap\u00f3s o longo jejum, a Supercopa do Brasil volta repaginada. A decis\u00e3o no Man\u00e9 Garrincha ter\u00e1 a utiliza\u00e7\u00e3o do \u00e1rbitro de v\u00eddeo (VAR), comandado&nbsp;em tempo real por uma cabine montada no&nbsp;Rio de Janeiro. E as novidades n\u00e3o param por a\u00ed. Haver\u00e1 uma Fan Fest para atrair o p\u00fablico, com direito a show da dupla sertaneja Maiara e Mara\u00edsa. Tamb\u00e9m foram anunciados hoje os valores das premia\u00e7\u00f5es: o vencedor do torneio vai embolsar R$ 5 milh\u00f5es, enquanto o vice ganhar\u00e1 R$ 2 milh\u00f5es.<\/p>\n\n\n\n<p>Ao todo 21 mil ingressos j\u00e1 foram vendidos antecipadamente, segundo Manoel Flores. O est\u00e1dio Man\u00e9 Garricha tem capacidade para aproximadamente 72 mil pessoas.<\/p>\n","protected":false},"excerpt":{"rendered":"<p>Os detalhes da realiza\u00e7\u00e3o da Supercopa do Brasil foram anunciados oficialmente hoje (4), durante evento na sede da CBF, na Barra da Tijuca, na Zona&hellip; <\/p>\n","protected":false},"author":1,"featured_media":141296,"comment_status":"closed","ping_status":"closed","sticky":false,"template":"","format":"standard","meta":{"sfsi_plus_gutenberg_text_before_share":"","sfsi_plus_gutenberg_show_text_before_share":"","sfsi_plus_gutenberg_icon_type":"","sfsi_plus_gutenberg_icon_alignemt":"","sfsi_plus_gutenburg_max_per_row":"","footnotes":""},"categories":[13],"tags":[],"class_list":["post-151643","post","type-post","status-publish","format-standard","has-post-thumbnail","hentry","category-esportes"],"_links":{"self":[{"href":"https:\/\/www.caririemacao.com\/1\/wp-json\/wp\/v2\/posts\/151643","targetHints":{"allow":["GET"]}}],"collection":[{"href":"https:\/\/www.caririemacao.com\/1\/wp-json\/wp\/v2\/posts"}],"about":[{"href":"https:\/\/www.caririemacao.com\/1\/wp-json\/wp\/v2\/types\/post"}],"author":[{"embeddable":true,"href":"https:\/\/www.caririemacao.com\/1\/wp-json\/wp\/v2\/users\/1"}],"replies":[{"embeddable":true,"href":"https:\/\/www.caririemacao.com\/1\/wp-json\/wp\/v2\/comments?post=151643"}],"version-history":[{"count":1,"href":"https:\/\/www.caririemacao.com\/1\/wp-json\/wp\/v2\/posts\/151643\/revisions"}],"predecessor-version":[{"id":151644,"href":"https:\/\/www.caririemacao.com\/1\/wp-json\/wp\/v2\/posts\/151643\/revisions\/151644"}],"wp:featuredmedia":[{"embeddable":true,"href":"https:\/\/www.caririemacao.com\/1\/wp-json\/wp\/v2\/media\/141296"}],"wp:attachment":[{"href":"https:\/\/www.caririemacao.com\/1\/wp-json\/wp\/v2\/media?parent=151643"}],"wp:term":[{"taxonomy":"category","embeddable":true,"href":"https:\/\/www.caririemacao.com\/1\/wp-json\/wp\/v2\/categories?post=151643"},{"taxonomy":"post_tag","embeddable":true,"href":"https:\/\/www.caririemacao.com\/1\/wp-json\/wp\/v2\/tags?post=151643"}],"curies":[{"name":"wp","href":"https:\/\/api.w.org\/{rel}","templated":true}]}}