{"id":151645,"date":"2020-02-05T10:57:30","date_gmt":"2020-02-05T13:57:30","guid":{"rendered":"http:\/\/www.caririemacao.com\/1\/?p=151645"},"modified":"2020-02-05T10:57:32","modified_gmt":"2020-02-05T13:57:32","slug":"policia-recupera-carga-roubada-com-800-celulares-na-paraiba","status":"publish","type":"post","link":"https:\/\/www.caririemacao.com\/1\/2020\/02\/05\/policia-recupera-carga-roubada-com-800-celulares-na-paraiba\/","title":{"rendered":"Pol\u00edcia recupera carga roubada com 800 celulares na Para\u00edba"},"content":{"rendered":"\n<p>Mais quatro pessoas suspeitas de pertencer a grupo criminoso especializado no roubo de cargas foram presas nesta ter\u00e7a-feira (4 ) pela Pol\u00edcia Civil. Elas foram localizadas no Bairro das Ind\u00fastrias, na Capital, por equipes da Delegacia de Roubos e Furtos de Ve\u00edculos e Cargas de Jo\u00e3o Pessoa (DRFVC\/JP).<\/p>\n\n\n\n<p>Al\u00e9m das pris\u00f5es, os policiais conseguiram recuperar 100 aparelhos de celulares novos que foram roubados durante um ataque da quadrilha no \u00faltimo dia 27 de janeiro .<\/p>\n\n\n\n<p>Com essas pris\u00f5es realizadas nesta ter\u00e7a, sobre para sete o n\u00famero de indiv\u00edduos presos pela Pol\u00edcia Civil, suspeitos de participar do roubo .<\/p>\n\n\n\n<p>Segundo o delegado Hugo H\u00e9lder, da DRFVC\/JP, as pris\u00f5es come\u00e7aram a ser feitas desde essa segunda -feira (3), quando os investigadores localizaram tr\u00eas pessoas de posse dos celulares roubados. \u201cElas s\u00e3o suspeitas de praticar o crime de recepta\u00e7\u00e3o de objeto roubado. Continuamos investigando e conseguimos prender os quatro acusados de executar o roubo \u201c, afirmou.<\/p>\n\n\n\n<p>O grupo come\u00e7ou a ser investigado desde o dia 27 de janeiro deste ano , quando ocorreu um assalto a um caminh\u00e3o que transportava produtos eletr\u00f4nicos na BR 101, em Jo\u00e3o Pessoa.<\/p>\n\n\n\n<p>O ve\u00edculo foi interceptado por outro carro conduzido pelos assaltantes , que roubaram uma carga de celulares. Parte dos objetos levados pelos criminosos foi recuperada pela Pol\u00edcia e ser\u00e1 devolvida aos propriet\u00e1rios .<\/p>\n\n\n\n<p><br><strong>Assessoria<\/strong><\/p>\n","protected":false},"excerpt":{"rendered":"<p>Mais quatro pessoas suspeitas de pertencer a grupo criminoso especializado no roubo de cargas foram presas nesta ter\u00e7a-feira (4 ) pela Pol\u00edcia Civil. Elas foram&hellip; <\/p>\n","protected":false},"author":1,"featured_media":151646,"comment_status":"closed","ping_status":"closed","sticky":false,"template":"","format":"standard","meta":{"sfsi_plus_gutenberg_text_before_share":"","sfsi_plus_gutenberg_show_text_before_share":"","sfsi_plus_gutenberg_icon_type":"","sfsi_plus_gutenberg_icon_alignemt":"","sfsi_plus_gutenburg_max_per_row":"","footnotes":""},"categories":[50,12],"tags":[],"class_list":["post-151645","post","type-post","status-publish","format-standard","has-post-thumbnail","hentry","category-destaque","category-policia"],"_links":{"self":[{"href":"https:\/\/www.caririemacao.com\/1\/wp-json\/wp\/v2\/posts\/151645","targetHints":{"allow":["GET"]}}],"collection":[{"href":"https:\/\/www.caririemacao.com\/1\/wp-json\/wp\/v2\/posts"}],"about":[{"href":"https:\/\/www.caririemacao.com\/1\/wp-json\/wp\/v2\/types\/post"}],"author":[{"embeddable":true,"href":"https:\/\/www.caririemacao.com\/1\/wp-json\/wp\/v2\/users\/1"}],"replies":[{"embeddable":true,"href":"https:\/\/www.caririemacao.com\/1\/wp-json\/wp\/v2\/comments?post=151645"}],"version-history":[{"count":1,"href":"https:\/\/www.caririemacao.com\/1\/wp-json\/wp\/v2\/posts\/151645\/revisions"}],"predecessor-version":[{"id":151647,"href":"https:\/\/www.caririemacao.com\/1\/wp-json\/wp\/v2\/posts\/151645\/revisions\/151647"}],"wp:featuredmedia":[{"embeddable":true,"href":"https:\/\/www.caririemacao.com\/1\/wp-json\/wp\/v2\/media\/151646"}],"wp:attachment":[{"href":"https:\/\/www.caririemacao.com\/1\/wp-json\/wp\/v2\/media?parent=151645"}],"wp:term":[{"taxonomy":"category","embeddable":true,"href":"https:\/\/www.caririemacao.com\/1\/wp-json\/wp\/v2\/categories?post=151645"},{"taxonomy":"post_tag","embeddable":true,"href":"https:\/\/www.caririemacao.com\/1\/wp-json\/wp\/v2\/tags?post=151645"}],"curies":[{"name":"wp","href":"https:\/\/api.w.org\/{rel}","templated":true}]}}