{"id":151657,"date":"2020-02-05T12:34:33","date_gmt":"2020-02-05T15:34:33","guid":{"rendered":"http:\/\/www.caririemacao.com\/1\/?p=151657"},"modified":"2020-02-05T12:34:35","modified_gmt":"2020-02-05T15:34:35","slug":"prefeito-eden-duarte-concede-reajuste-salarial-para-agentes-de-saude-e-agentes-de-endemias","status":"publish","type":"post","link":"https:\/\/www.caririemacao.com\/1\/2020\/02\/05\/prefeito-eden-duarte-concede-reajuste-salarial-para-agentes-de-saude-e-agentes-de-endemias\/","title":{"rendered":"Prefeito \u00c9den Duarte concede reajuste salarial para Agentes de Sa\u00fade e Agentes de Endemias"},"content":{"rendered":"\n<p>O prefeito \u00c9den Duarte sancionou nesta quarta-feira (05), a Lei que concede reajuste do piso salarial dos Agentes Comunit\u00e1rios de Sa\u00fade (ACS) e dos Agentes de Combate \u00e0s Endemias (ACE) do munic\u00edpio.<\/p>\n\n\n\n<p>O Projeto de Lei de autoria do Poder Executivo foi votado pela C\u00e2mara de Vereadores nessa ter\u00e7a-feira (4), que se reuniu em sess\u00e3o extraordin\u00e1ria para a aprecia\u00e7\u00e3o do projeto.<\/p>\n\n\n\n<p>O piso salarial dos ACS e dos ACE passar\u00e1 de R$ 1.250,00 para R$ 1.400,00, com data retroativa a 1\u00ba de janeiro de 2020, podendo chegar a R$ 1.701,00, dependendo do agrupamento funcional das atividades.<\/p>\n\n\n\n<p>O projeto aprovado segue as normativas da lei federal 13.709\/2018, que prev\u00ea que a partir de 2021, o piso para os ACS e ACE ser\u00e1 de R$ 1.550,00 (mil quinhentos e cinquenta reais) em 1\u00ba de janeiro de 2021.<\/p>\n\n\n\n<p>Ascom PMS<\/p>\n","protected":false},"excerpt":{"rendered":"<p>O prefeito \u00c9den Duarte sancionou nesta quarta-feira (05), a Lei que concede reajuste do piso salarial dos Agentes Comunit\u00e1rios de Sa\u00fade (ACS) e dos Agentes&hellip; <\/p>\n","protected":false},"author":1,"featured_media":87902,"comment_status":"closed","ping_status":"closed","sticky":false,"template":"","format":"standard","meta":{"sfsi_plus_gutenberg_text_before_share":"","sfsi_plus_gutenberg_show_text_before_share":"","sfsi_plus_gutenberg_icon_type":"","sfsi_plus_gutenberg_icon_alignemt":"","sfsi_plus_gutenburg_max_per_row":"","footnotes":""},"categories":[6,50],"tags":[],"class_list":["post-151657","post","type-post","status-publish","format-standard","has-post-thumbnail","hentry","category-cidades","category-destaque"],"_links":{"self":[{"href":"https:\/\/www.caririemacao.com\/1\/wp-json\/wp\/v2\/posts\/151657","targetHints":{"allow":["GET"]}}],"collection":[{"href":"https:\/\/www.caririemacao.com\/1\/wp-json\/wp\/v2\/posts"}],"about":[{"href":"https:\/\/www.caririemacao.com\/1\/wp-json\/wp\/v2\/types\/post"}],"author":[{"embeddable":true,"href":"https:\/\/www.caririemacao.com\/1\/wp-json\/wp\/v2\/users\/1"}],"replies":[{"embeddable":true,"href":"https:\/\/www.caririemacao.com\/1\/wp-json\/wp\/v2\/comments?post=151657"}],"version-history":[{"count":1,"href":"https:\/\/www.caririemacao.com\/1\/wp-json\/wp\/v2\/posts\/151657\/revisions"}],"predecessor-version":[{"id":151658,"href":"https:\/\/www.caririemacao.com\/1\/wp-json\/wp\/v2\/posts\/151657\/revisions\/151658"}],"wp:featuredmedia":[{"embeddable":true,"href":"https:\/\/www.caririemacao.com\/1\/wp-json\/wp\/v2\/media\/87902"}],"wp:attachment":[{"href":"https:\/\/www.caririemacao.com\/1\/wp-json\/wp\/v2\/media?parent=151657"}],"wp:term":[{"taxonomy":"category","embeddable":true,"href":"https:\/\/www.caririemacao.com\/1\/wp-json\/wp\/v2\/categories?post=151657"},{"taxonomy":"post_tag","embeddable":true,"href":"https:\/\/www.caririemacao.com\/1\/wp-json\/wp\/v2\/tags?post=151657"}],"curies":[{"name":"wp","href":"https:\/\/api.w.org\/{rel}","templated":true}]}}