{"id":151666,"date":"2020-02-05T13:28:03","date_gmt":"2020-02-05T16:28:03","guid":{"rendered":"http:\/\/www.caririemacao.com\/1\/?p=151666"},"modified":"2020-02-05T13:28:04","modified_gmt":"2020-02-05T16:28:04","slug":"deputados-protocolam-pedido-de-impeachment-de-joao-azevedo-e-ligia-feliciano","status":"publish","type":"post","link":"https:\/\/www.caririemacao.com\/1\/2020\/02\/05\/deputados-protocolam-pedido-de-impeachment-de-joao-azevedo-e-ligia-feliciano\/","title":{"rendered":"Deputados protocolam pedido de impeachment de Jo\u00e3o Azev\u00eado e L\u00edgia Feliciano"},"content":{"rendered":"\n<p>A bancada de oposi\u00e7\u00e3o na&nbsp;<strong>Assembleia Legislativa da&nbsp;Para\u00edba<\/strong>&nbsp;protocolou, na manh\u00e3 desta ter\u00e7a-feira, quando da abertura dos trabalhos ordin\u00e1rios, um pedido de impeachment do governador<strong>&nbsp;Jo\u00e3o Azev\u00eado (Cidadania),&nbsp;<\/strong>que no momento se encontrava no plen\u00e1rio prestando contas de seu primeiro ano de governo.<\/p>\n\n\n\n<p>O pedido foi encaminhado \u00e0 mesa diretora e \u00e9 liderado pelo deputado estadual&nbsp;<strong>Delegado Wallber Virgolino (Patriota)<\/strong>&nbsp;e se reporta tamb\u00e9m \u00e0 vice-governadora alegando que ambos n\u00e3o atuam \u201cde modo compat\u00edvel com a dignidade, a honra e o decoro no cargo\u201d.<\/p>\n\n\n\n<p>Os oposicionistas tamb\u00e9m alegam que o governador e a vice n\u00e3o tornam \u201cefetiva a responsabilidade de seus subordinados, quando manifesta em delitos funcionais\u201d.<\/p>\n\n\n\n<p><em>com Pol\u00edtica Para\u00edba<\/em><\/p>\n","protected":false},"excerpt":{"rendered":"<p>A bancada de oposi\u00e7\u00e3o na&nbsp;Assembleia Legislativa da&nbsp;Para\u00edba&nbsp;protocolou, na manh\u00e3 desta ter\u00e7a-feira, quando da abertura dos trabalhos ordin\u00e1rios, um pedido de impeachment do governador&nbsp;Jo\u00e3o Azev\u00eado (Cidadania),&nbsp;que&hellip; <\/p>\n","protected":false},"author":1,"featured_media":132480,"comment_status":"closed","ping_status":"closed","sticky":false,"template":"","format":"standard","meta":{"sfsi_plus_gutenberg_text_before_share":"","sfsi_plus_gutenberg_show_text_before_share":"","sfsi_plus_gutenberg_icon_type":"","sfsi_plus_gutenberg_icon_alignemt":"","sfsi_plus_gutenburg_max_per_row":"","footnotes":""},"categories":[50,11],"tags":[],"class_list":["post-151666","post","type-post","status-publish","format-standard","has-post-thumbnail","hentry","category-destaque","category-politica"],"_links":{"self":[{"href":"https:\/\/www.caririemacao.com\/1\/wp-json\/wp\/v2\/posts\/151666","targetHints":{"allow":["GET"]}}],"collection":[{"href":"https:\/\/www.caririemacao.com\/1\/wp-json\/wp\/v2\/posts"}],"about":[{"href":"https:\/\/www.caririemacao.com\/1\/wp-json\/wp\/v2\/types\/post"}],"author":[{"embeddable":true,"href":"https:\/\/www.caririemacao.com\/1\/wp-json\/wp\/v2\/users\/1"}],"replies":[{"embeddable":true,"href":"https:\/\/www.caririemacao.com\/1\/wp-json\/wp\/v2\/comments?post=151666"}],"version-history":[{"count":1,"href":"https:\/\/www.caririemacao.com\/1\/wp-json\/wp\/v2\/posts\/151666\/revisions"}],"predecessor-version":[{"id":151668,"href":"https:\/\/www.caririemacao.com\/1\/wp-json\/wp\/v2\/posts\/151666\/revisions\/151668"}],"wp:featuredmedia":[{"embeddable":true,"href":"https:\/\/www.caririemacao.com\/1\/wp-json\/wp\/v2\/media\/132480"}],"wp:attachment":[{"href":"https:\/\/www.caririemacao.com\/1\/wp-json\/wp\/v2\/media?parent=151666"}],"wp:term":[{"taxonomy":"category","embeddable":true,"href":"https:\/\/www.caririemacao.com\/1\/wp-json\/wp\/v2\/categories?post=151666"},{"taxonomy":"post_tag","embeddable":true,"href":"https:\/\/www.caririemacao.com\/1\/wp-json\/wp\/v2\/tags?post=151666"}],"curies":[{"name":"wp","href":"https:\/\/api.w.org\/{rel}","templated":true}]}}