{"id":151671,"date":"2020-02-05T13:42:18","date_gmt":"2020-02-05T16:42:18","guid":{"rendered":"http:\/\/www.caririemacao.com\/1\/?p=151671"},"modified":"2020-02-05T13:42:20","modified_gmt":"2020-02-05T16:42:20","slug":"prefeitura-de-ouro-velho-realiza-distribuicao-de-bandejas-de-ovos-para-familias-carentes","status":"publish","type":"post","link":"https:\/\/www.caririemacao.com\/1\/2020\/02\/05\/prefeitura-de-ouro-velho-realiza-distribuicao-de-bandejas-de-ovos-para-familias-carentes\/","title":{"rendered":"Prefeitura de Ouro Velho realiza distribui\u00e7\u00e3o de bandejas de ovos para fam\u00edlias carentes"},"content":{"rendered":"\n<p>A Prefeitura Municipal de Ouro Velho realizou, por meio da Secretaria de Assist\u00eancia Social, nesta ter\u00e7a-feira (04), a distribui\u00e7\u00e3o de centenas de bandejas de ovos a popula\u00e7\u00e3o carente do munic\u00edpio.<\/p>\n\n\n\n<p>As&nbsp;fam\u00edlias beneficiadas realizaram um cadastro na Secretaria de Assist\u00eancia Social, para poder serem atendidas. A entrega foi realizada na sede da Prefeitura, por funcion\u00e1rios de diversas secretarias, que se envolveram neste Programa.<\/p>\n\n\n\n<p>Estavam presentes no ato da entrega o Vice-Prefeito Fl\u00e1vio Henrique, representando a Prefeita Nat\u00e1lia de Dr. J\u00fanior, o m\u00e9dico e l\u00edder pol\u00edtico Dr. J\u00fanior, Vereadores, Secret\u00e1rios, Funcion\u00e1rios e a popula\u00e7\u00e3o, que foi a grande beneficiada.<\/p>\n\n\n\n<p>O vice-Prefeito Fl\u00e1vio Henrique expressou a satisfa\u00e7\u00e3o de vivenciar o momento junto a popula\u00e7\u00e3o, me sinto feliz em ver a alegria estampada no rosto de cada um.<\/p>\n\n\n\n<p>O M\u00e9dico Dr. J\u00fanior que tamb\u00e9m participou da entrega disse, que \u00e9 motivo de muita felicidade compartilhar esse momento com aqueles que mais precisa.<\/p>\n\n\n\n<p>A Secret\u00e1ria de Assist\u00eancia Social Aline Lucena, relatou que esse \u00e9 um momento de afeto e carinho que estamos oferecendo hoje as pessoas, que faz a diferen\u00e7a para todos e para n\u00f3s.<\/p>\n","protected":false},"excerpt":{"rendered":"<p>A Prefeitura Municipal de Ouro Velho realizou, por meio da Secretaria de Assist\u00eancia Social, nesta ter\u00e7a-feira (04), a distribui\u00e7\u00e3o de centenas de bandejas de ovos&hellip; <\/p>\n","protected":false},"author":1,"featured_media":151672,"comment_status":"closed","ping_status":"closed","sticky":false,"template":"","format":"standard","meta":{"sfsi_plus_gutenberg_text_before_share":"","sfsi_plus_gutenberg_show_text_before_share":"","sfsi_plus_gutenberg_icon_type":"","sfsi_plus_gutenberg_icon_alignemt":"","sfsi_plus_gutenburg_max_per_row":"","footnotes":""},"categories":[6],"tags":[],"class_list":["post-151671","post","type-post","status-publish","format-standard","has-post-thumbnail","hentry","category-cidades"],"_links":{"self":[{"href":"https:\/\/www.caririemacao.com\/1\/wp-json\/wp\/v2\/posts\/151671","targetHints":{"allow":["GET"]}}],"collection":[{"href":"https:\/\/www.caririemacao.com\/1\/wp-json\/wp\/v2\/posts"}],"about":[{"href":"https:\/\/www.caririemacao.com\/1\/wp-json\/wp\/v2\/types\/post"}],"author":[{"embeddable":true,"href":"https:\/\/www.caririemacao.com\/1\/wp-json\/wp\/v2\/users\/1"}],"replies":[{"embeddable":true,"href":"https:\/\/www.caririemacao.com\/1\/wp-json\/wp\/v2\/comments?post=151671"}],"version-history":[{"count":1,"href":"https:\/\/www.caririemacao.com\/1\/wp-json\/wp\/v2\/posts\/151671\/revisions"}],"predecessor-version":[{"id":151673,"href":"https:\/\/www.caririemacao.com\/1\/wp-json\/wp\/v2\/posts\/151671\/revisions\/151673"}],"wp:featuredmedia":[{"embeddable":true,"href":"https:\/\/www.caririemacao.com\/1\/wp-json\/wp\/v2\/media\/151672"}],"wp:attachment":[{"href":"https:\/\/www.caririemacao.com\/1\/wp-json\/wp\/v2\/media?parent=151671"}],"wp:term":[{"taxonomy":"category","embeddable":true,"href":"https:\/\/www.caririemacao.com\/1\/wp-json\/wp\/v2\/categories?post=151671"},{"taxonomy":"post_tag","embeddable":true,"href":"https:\/\/www.caririemacao.com\/1\/wp-json\/wp\/v2\/tags?post=151671"}],"curies":[{"name":"wp","href":"https:\/\/api.w.org\/{rel}","templated":true}]}}