{"id":151684,"date":"2020-02-05T13:45:41","date_gmt":"2020-02-05T16:45:41","guid":{"rendered":"http:\/\/www.caririemacao.com\/1\/?p=151684"},"modified":"2020-02-05T13:45:42","modified_gmt":"2020-02-05T16:45:42","slug":"policia-militar-recupera-moto-com-restricao-de-roubo-na-regiao-do-cariri","status":"publish","type":"post","link":"https:\/\/www.caririemacao.com\/1\/2020\/02\/05\/policia-militar-recupera-moto-com-restricao-de-roubo-na-regiao-do-cariri\/","title":{"rendered":"Pol\u00edcia Militar recupera moto com restri\u00e7\u00e3o de roubo na regi\u00e3o do Cariri"},"content":{"rendered":"\n<p>Na manh\u00e3 desta \u00faltima ter\u00e7a-feira(04), ap\u00f3s rondas realizadas pelas ruas da cidade de Monteiro, uma guarni\u00e7\u00e3o da Pol\u00edcia Militar localizou uma moto estacionada na Rua Espedito Ten\u00f3rio de Oliveira, pr\u00f3ximo ao Col\u00e9gio Lourdinas.<\/p>\n\n\n\n<p>A motocicleta apresentava as caracter\u00edsticas de uma moto que havia sido furtada no \u00faltimo domingo, dia 02 fevereiro, pr\u00f3ximo ao Bar do Gago. Ao fazer a consulta dos dados no sistema, ficou constatada que a moto modelo Honda CG 125 TITAN, ano: 1997, cor vermelha, placa MNL1334 \/ PB, era produto de furto.<\/p>\n\n\n\n<p>A Pol\u00edcia Militar n\u00e3o conseguiu localizar o autor do furto e a motocicleta foi conduzida at\u00e9 a delegacia de Pol\u00edcia Civil em Monteiro para serem realizadas as medidas cab\u00edveis.<\/p>\n\n\n\n<p><strong>De Olho no Cariri<\/strong><\/p>\n","protected":false},"excerpt":{"rendered":"<p>Na manh\u00e3 desta \u00faltima ter\u00e7a-feira(04), ap\u00f3s rondas realizadas pelas ruas da cidade de Monteiro, uma guarni\u00e7\u00e3o da Pol\u00edcia Militar localizou uma moto estacionada na Rua&hellip; <\/p>\n","protected":false},"author":1,"featured_media":151685,"comment_status":"closed","ping_status":"closed","sticky":false,"template":"","format":"standard","meta":{"sfsi_plus_gutenberg_text_before_share":"","sfsi_plus_gutenberg_show_text_before_share":"","sfsi_plus_gutenberg_icon_type":"","sfsi_plus_gutenberg_icon_alignemt":"","sfsi_plus_gutenburg_max_per_row":"","footnotes":""},"categories":[12],"tags":[],"class_list":["post-151684","post","type-post","status-publish","format-standard","has-post-thumbnail","hentry","category-policia"],"_links":{"self":[{"href":"https:\/\/www.caririemacao.com\/1\/wp-json\/wp\/v2\/posts\/151684","targetHints":{"allow":["GET"]}}],"collection":[{"href":"https:\/\/www.caririemacao.com\/1\/wp-json\/wp\/v2\/posts"}],"about":[{"href":"https:\/\/www.caririemacao.com\/1\/wp-json\/wp\/v2\/types\/post"}],"author":[{"embeddable":true,"href":"https:\/\/www.caririemacao.com\/1\/wp-json\/wp\/v2\/users\/1"}],"replies":[{"embeddable":true,"href":"https:\/\/www.caririemacao.com\/1\/wp-json\/wp\/v2\/comments?post=151684"}],"version-history":[{"count":1,"href":"https:\/\/www.caririemacao.com\/1\/wp-json\/wp\/v2\/posts\/151684\/revisions"}],"predecessor-version":[{"id":151686,"href":"https:\/\/www.caririemacao.com\/1\/wp-json\/wp\/v2\/posts\/151684\/revisions\/151686"}],"wp:featuredmedia":[{"embeddable":true,"href":"https:\/\/www.caririemacao.com\/1\/wp-json\/wp\/v2\/media\/151685"}],"wp:attachment":[{"href":"https:\/\/www.caririemacao.com\/1\/wp-json\/wp\/v2\/media?parent=151684"}],"wp:term":[{"taxonomy":"category","embeddable":true,"href":"https:\/\/www.caririemacao.com\/1\/wp-json\/wp\/v2\/categories?post=151684"},{"taxonomy":"post_tag","embeddable":true,"href":"https:\/\/www.caririemacao.com\/1\/wp-json\/wp\/v2\/tags?post=151684"}],"curies":[{"name":"wp","href":"https:\/\/api.w.org\/{rel}","templated":true}]}}