{"id":151704,"date":"2020-02-05T14:10:58","date_gmt":"2020-02-05T17:10:58","guid":{"rendered":"http:\/\/www.caririemacao.com\/1\/?p=151704"},"modified":"2020-02-05T14:10:59","modified_gmt":"2020-02-05T17:10:59","slug":"alpb-em-discurso-a-deputados-joao-azevedo-pede-estabilidade-politica","status":"publish","type":"post","link":"https:\/\/www.caririemacao.com\/1\/2020\/02\/05\/alpb-em-discurso-a-deputados-joao-azevedo-pede-estabilidade-politica\/","title":{"rendered":"ALPB: em discurso a deputados, Jo\u00e3o Azev\u00eado pede estabilidade pol\u00edtica"},"content":{"rendered":"\n<p>Na abertura dos trabalhos na Assembleia Legislativa, na manh\u00e3 desta quarta-feira (5), o governador Jo\u00e3o Azev\u00eado pregou a necessidade de estabilidade pol\u00edtica, social, financeira e de gest\u00e3o para continuar concedendo oportunidade para todos.<\/p>\n\n\n\n<p>Ele chegou \u00e0 Casa acompanhado por deputados que integram sua base de sustenta\u00e7\u00e3o, ap\u00f3s caf\u00e9 da manh\u00e3 no Pal\u00e1cio da Reden\u00e7\u00e3o. Azev\u00eado defendeu a humaniza\u00e7\u00e3o da pol\u00edtica, com di\u00e1logo permanente com a popula\u00e7\u00e3o e fortalecimento dos partidos.<\/p>\n\n\n\n<p>Na tribuna, ele fez um balan\u00e7o das a\u00e7\u00f5es na \u00e1rea da seguran\u00e7a p\u00fablica, educa\u00e7\u00e3o e enalteceu o Or\u00e7amento Democr\u00e1tico, ferramente utilizada pela popula\u00e7\u00e3o para \u201celencar caminhos e prioridades\u201d. Para ele, o trabalho em 2019 foi marcado pela efetividade e transpar\u00eancia, em parceria com o Parlamento.<\/p>\n\n\n\n<p>A constru\u00e7\u00e3o da nova maternidade Frei Dami\u00e3o, em Jo\u00e3o Pessoa, foi anunciada pelo governador durante o seu<\/p>\n\n\n\n<p><strong>Veja v\u00eddeo&nbsp;<\/strong><\/p>\n\n\n\n<figure><iframe width=\"590\" height=\"345\" data-src=\"https:\/\/www.youtube.com\/embed\/c-4VzOtbGDg?theme=light&amp;autohide=1&amp;showinfo=0;wmode=transparent;border=none;iv_load_policy=1;rel=0\" allowfullscreen=\"\" src=\"data:image\/svg+xml;base64,PHN2ZyB3aWR0aD0iMSIgaGVpZ2h0PSIxIiB4bWxucz0iaHR0cDovL3d3dy53My5vcmcvMjAwMC9zdmciPjwvc3ZnPg==\" class=\"lazyload\" data-load-mode=\"1\"><\/iframe><\/figure>\n\n\n\n<p><strong>MaisPB<\/strong><\/p>\n","protected":false},"excerpt":{"rendered":"<p>Na abertura dos trabalhos na Assembleia Legislativa, na manh\u00e3 desta quarta-feira (5), o governador Jo\u00e3o Azev\u00eado pregou a necessidade de estabilidade pol\u00edtica, social, financeira e&hellip; <\/p>\n","protected":false},"author":1,"featured_media":151708,"comment_status":"closed","ping_status":"closed","sticky":false,"template":"","format":"standard","meta":{"sfsi_plus_gutenberg_text_before_share":"","sfsi_plus_gutenberg_show_text_before_share":"","sfsi_plus_gutenberg_icon_type":"","sfsi_plus_gutenberg_icon_alignemt":"","sfsi_plus_gutenburg_max_per_row":"","footnotes":""},"categories":[11],"tags":[],"class_list":["post-151704","post","type-post","status-publish","format-standard","has-post-thumbnail","hentry","category-politica"],"_links":{"self":[{"href":"https:\/\/www.caririemacao.com\/1\/wp-json\/wp\/v2\/posts\/151704","targetHints":{"allow":["GET"]}}],"collection":[{"href":"https:\/\/www.caririemacao.com\/1\/wp-json\/wp\/v2\/posts"}],"about":[{"href":"https:\/\/www.caririemacao.com\/1\/wp-json\/wp\/v2\/types\/post"}],"author":[{"embeddable":true,"href":"https:\/\/www.caririemacao.com\/1\/wp-json\/wp\/v2\/users\/1"}],"replies":[{"embeddable":true,"href":"https:\/\/www.caririemacao.com\/1\/wp-json\/wp\/v2\/comments?post=151704"}],"version-history":[{"count":1,"href":"https:\/\/www.caririemacao.com\/1\/wp-json\/wp\/v2\/posts\/151704\/revisions"}],"predecessor-version":[{"id":151709,"href":"https:\/\/www.caririemacao.com\/1\/wp-json\/wp\/v2\/posts\/151704\/revisions\/151709"}],"wp:featuredmedia":[{"embeddable":true,"href":"https:\/\/www.caririemacao.com\/1\/wp-json\/wp\/v2\/media\/151708"}],"wp:attachment":[{"href":"https:\/\/www.caririemacao.com\/1\/wp-json\/wp\/v2\/media?parent=151704"}],"wp:term":[{"taxonomy":"category","embeddable":true,"href":"https:\/\/www.caririemacao.com\/1\/wp-json\/wp\/v2\/categories?post=151704"},{"taxonomy":"post_tag","embeddable":true,"href":"https:\/\/www.caririemacao.com\/1\/wp-json\/wp\/v2\/tags?post=151704"}],"curies":[{"name":"wp","href":"https:\/\/api.w.org\/{rel}","templated":true}]}}