{"id":151717,"date":"2020-02-05T14:14:02","date_gmt":"2020-02-05T17:14:02","guid":{"rendered":"http:\/\/www.caririemacao.com\/1\/?p=151717"},"modified":"2020-02-05T14:14:03","modified_gmt":"2020-02-05T17:14:03","slug":"amparo-prefeito-inacio-nobrega-anuncia-reajuste-de-1284-no-salario-dos-professores-da-rede-municipal","status":"publish","type":"post","link":"https:\/\/www.caririemacao.com\/1\/2020\/02\/05\/amparo-prefeito-inacio-nobrega-anuncia-reajuste-de-1284-no-salario-dos-professores-da-rede-municipal\/","title":{"rendered":"Amparo: Prefeito In\u00e1cio N\u00f3brega anuncia reajuste de 12,84% no sal\u00e1rio dos professores da rede municipal"},"content":{"rendered":"\n<p>Os professores das escolas municipais de Amparo v\u00e3o ter um reajuste salarial de 12,84%, a partir deste m\u00eas de Fevereiro. <\/p>\n\n\n\n<p>O aumento foi anunciado pelo prefeito In\u00e1cio N\u00f3brega nesta ter\u00e7a-feira (04), durante a solenidade de abertura da Jornada Pedag\u00f3gica 2020 realizada pela Secretaria de Educa\u00e7\u00e3o na Escola Juvenal F. De Brito.<\/p>\n\n\n\n<p><br>O Prefeito lembrou tamb\u00e9m que a\u00a0Prefeitura\u00a0j\u00e1\u00a0havia feito o pagamento do ter\u00e7o de f\u00e9rias em Janeiro.<\/p>\n\n\n\n<p><br>\u201cO futuro dos Amparenses passa pela educa\u00e7\u00e3o e essa transforma\u00e7\u00e3o come\u00e7a dentro da sala de aula, com nossos professores sendo mais valorizados, pagamos o ter\u00e7o de f\u00e9rias em Janeiro e agora anunciamos o reajuste de 12,84% para nossos professores\u201d disse o prefeito.<br><\/p>\n\n\n\n<p>Amparo Ligado<\/p>\n","protected":false},"excerpt":{"rendered":"<p>Os professores das escolas municipais de Amparo v\u00e3o ter um reajuste salarial de 12,84%, a partir deste m\u00eas de Fevereiro. O aumento foi anunciado pelo&hellip; <\/p>\n","protected":false},"author":1,"featured_media":92198,"comment_status":"closed","ping_status":"closed","sticky":false,"template":"","format":"standard","meta":{"sfsi_plus_gutenberg_text_before_share":"","sfsi_plus_gutenberg_show_text_before_share":"","sfsi_plus_gutenberg_icon_type":"","sfsi_plus_gutenberg_icon_alignemt":"","sfsi_plus_gutenburg_max_per_row":"","footnotes":""},"categories":[6],"tags":[],"class_list":["post-151717","post","type-post","status-publish","format-standard","has-post-thumbnail","hentry","category-cidades"],"_links":{"self":[{"href":"https:\/\/www.caririemacao.com\/1\/wp-json\/wp\/v2\/posts\/151717","targetHints":{"allow":["GET"]}}],"collection":[{"href":"https:\/\/www.caririemacao.com\/1\/wp-json\/wp\/v2\/posts"}],"about":[{"href":"https:\/\/www.caririemacao.com\/1\/wp-json\/wp\/v2\/types\/post"}],"author":[{"embeddable":true,"href":"https:\/\/www.caririemacao.com\/1\/wp-json\/wp\/v2\/users\/1"}],"replies":[{"embeddable":true,"href":"https:\/\/www.caririemacao.com\/1\/wp-json\/wp\/v2\/comments?post=151717"}],"version-history":[{"count":1,"href":"https:\/\/www.caririemacao.com\/1\/wp-json\/wp\/v2\/posts\/151717\/revisions"}],"predecessor-version":[{"id":151718,"href":"https:\/\/www.caririemacao.com\/1\/wp-json\/wp\/v2\/posts\/151717\/revisions\/151718"}],"wp:featuredmedia":[{"embeddable":true,"href":"https:\/\/www.caririemacao.com\/1\/wp-json\/wp\/v2\/media\/92198"}],"wp:attachment":[{"href":"https:\/\/www.caririemacao.com\/1\/wp-json\/wp\/v2\/media?parent=151717"}],"wp:term":[{"taxonomy":"category","embeddable":true,"href":"https:\/\/www.caririemacao.com\/1\/wp-json\/wp\/v2\/categories?post=151717"},{"taxonomy":"post_tag","embeddable":true,"href":"https:\/\/www.caririemacao.com\/1\/wp-json\/wp\/v2\/tags?post=151717"}],"curies":[{"name":"wp","href":"https:\/\/api.w.org\/{rel}","templated":true}]}}